{"id":3778,"date":"2024-09-08T20:06:27","date_gmt":"2024-09-08T23:06:27","guid":{"rendered":"https:\/\/impactodenoticias.com.ar\/?p=3778"},"modified":"2024-09-08T21:25:58","modified_gmt":"2024-09-09T00:25:58","slug":"vecinos-indignados-ante-la-indiferencia-de-las-autoridades-tras-la-usurpacion-de-terrenos-de-una-plaza-publica","status":"publish","type":"post","link":"https:\/\/impactodenoticias.com.ar\/?p=3778","title":{"rendered":"Vecinos indignados ante la indiferencia de las autoridades tras la usurpaci\u00f3n de terrenos de una plaza p\u00fablica"},"content":{"rendered":"\n<h3 class=\"wp-block-heading\">Se trata de terrenos pertenecientes al IAPV, que, personas que anteriormente se apropiaron ilegalmente de un terreno contiguo, ahora est\u00e1n intentando anexar el terreno lindante que estaba destinado a una plazoleta p\u00fablica.<\/h3>\n\n\n\n<p>El terreno se ubica en las calles Don Quijote y Catalu\u00f1a, frente al rulo del T\u00fanel Subfluvial, detr\u00e1s del barrio San Roque.<\/p>\n\n\n\n<p>Cre la indignaci\u00f3n y preocupaci\u00f3n de los vecinos, al no encontrar respuesta por parte de las autoridades municipales.<\/p>\n\n\n\n<p>Han hecho \u201creclamos ante Control Urbano municipal entre otras \u00e1reas y la respuesta ha sido cuanto menos de indiferencia y mirar para otro lado sin asumir la responsabilidad que le cabe a la Municipalidad de Paran\u00e1\u201d, seg\u00fan expresaron.<\/p>\n\n\n\n<p>Los vecinos reclaman la urgente intervenci\u00f3n de las autoridades puesto que ese espacio pertenece a una plaza p\u00fablica y se est\u00e1 usurpando y construyendo de modo ilegal con la pasividad de los funcionarios municipales que debieran actuar inmediatamente ante una ocupaci\u00f3n del espacio p\u00fablico.<\/p>\n\n\n\n<p>Los vecinos se\u00f1alan que \u201casisten azorados a ver c\u00f3mo la polic\u00eda y autoridades municipales se acercan al lugar ante las denuncias efectuadas y conversan amenamente con los usurpadores, sin detener el il\u00edcito que se est\u00e1 cometiendo a plena luz del d\u00eda\u201d.<\/p>\n\n\n\n<p>Ese espacio, destacan, \u201cpertenece a toda la comunidad y no a un particular que violando todas las normas legales y aprovechando la burocracia permisiva de las autoridades, se adue\u00f1an de manera gratuita de un espacio p\u00fablico, que a su vez dispone de todos los servicios p\u00fablicos, agua, asfalto, cloacas, etc\u201d.<\/p>\n\n\n\n<p>Cabe se\u00f1alar que la comunidad de vecinos cercanos al terreno en usurpaci\u00f3n prev\u00e9n realizar manifestaciones p\u00fablicas y cortes de calles para que las autoridades correspondientes intervengan cumpliendo su obligaci\u00f3n de velar por los intereses de los paranaenses en su conjunto.<\/p>\n","protected":false},"excerpt":{"rendered":"<p>Se trata de terrenos pertenecientes al IAPV, que, personas que anteriormente se apropiaron ilegalmente de un terreno contiguo, ahora est&aacute;n intentando anexar el terreno lindante que estaba destinado a una plazoleta p&uacute;blica. El terreno se ubica en las calles Don Quijote y Catalu&ntilde;a, frente al rulo del T&uacute;nel Subfluvial, detr&aacute;s del barrio San Roque. Cre [&hellip;]<\/p>\n","protected":false},"author":2,"featured_media":3793,"comment_status":"open","ping_status":"open","sticky":false,"template":"","format":"standard","meta":{"footnotes":""},"categories":[3,49],"tags":[1755,85,1753,95,327,855,1754,496],"class_list":["post-3778","post","type-post","status-publish","format-standard","has-post-thumbnail","hentry","category-locales","category-sociedad","tag-barrio-san-roque","tag-iapv","tag-indignados","tag-parana","tag-terrenos","tag-tunel-subfluvial","tag-usurpacion","tag-vecinos"],"_links":{"self":[{"href":"https:\/\/impactodenoticias.com.ar\/index.php?rest_route=\/wp\/v2\/posts\/3778","targetHints":{"allow":["GET"]}}],"collection":[{"href":"https:\/\/impactodenoticias.com.ar\/index.php?rest_route=\/wp\/v2\/posts"}],"about":[{"href":"https:\/\/impactodenoticias.com.ar\/index.php?rest_route=\/wp\/v2\/types\/post"}],"author":[{"embeddable":true,"href":"https:\/\/impactodenoticias.com.ar\/index.php?rest_route=\/wp\/v2\/users\/2"}],"replies":[{"embeddable":true,"href":"https:\/\/impactodenoticias.com.ar\/index.php?rest_route=%2Fwp%2Fv2%2Fcomments&post=3778"}],"version-history":[{"count":1,"href":"https:\/\/impactodenoticias.com.ar\/index.php?rest_route=\/wp\/v2\/posts\/3778\/revisions"}],"predecessor-version":[{"id":3780,"href":"https:\/\/impactodenoticias.com.ar\/index.php?rest_route=\/wp\/v2\/posts\/3778\/revisions\/3780"}],"wp:featuredmedia":[{"embeddable":true,"href":"https:\/\/impactodenoticias.com.ar\/index.php?rest_route=\/wp\/v2\/media\/3793"}],"wp:attachment":[{"href":"https:\/\/impactodenoticias.com.ar\/index.php?rest_route=%2Fwp%2Fv2%2Fmedia&parent=3778"}],"wp:term":[{"taxonomy":"category","embeddable":true,"href":"https:\/\/impactodenoticias.com.ar\/index.php?rest_route=%2Fwp%2Fv2%2Fcategories&post=3778"},{"taxonomy":"post_tag","embeddable":true,"href":"https:\/\/impactodenoticias.com.ar\/index.php?rest_route=%2Fwp%2Fv2%2Ftags&post=3778"}],"curies":[{"name":"wp","href":"https:\/\/api.w.org\/{rel}","templated":true}]}}