{"id":3781,"date":"2024-09-08T20:19:27","date_gmt":"2024-09-08T23:19:27","guid":{"rendered":"https:\/\/impactodenoticias.com.ar\/?p=3781"},"modified":"2024-09-10T10:22:51","modified_gmt":"2024-09-10T13:22:51","slug":"el-servicio-meteorologico-nacional-emitio-alerta-violeta-para-entre-rios","status":"publish","type":"post","link":"https:\/\/impactodenoticias.com.ar\/?p=3781","title":{"rendered":"El Servicio Meteorol\u00f3gico nacional emiti\u00f3 alerta violeta para Entre R\u00edos"},"content":{"rendered":"\n<p><strong>La provincia de Entre R\u00edos se ver\u00e1 afectada por un alerta especial a partir de este lunes, asi lo inform\u00f3 el Servicio Meteorol\u00f3gico Nacional, en su informe del domingo.<\/strong><\/p>\n\n\n\n<p>El Servicio Meteorol\u00f3gico Nacional (SMN) emiti\u00f3 una advertencia especial para diez provincias del norte del pa\u00eds debido a un corredor de humo que se gener\u00f3 a partir de incendios forestales en Bolivia, Paraguay y Brasil. Se espera que alcance a Entre R\u00edos para la jornada del lunes.<\/p>\n\n\n\n<p><\/p>\n\n\n\n<figure class=\"wp-block-image size-full\"><img loading=\"lazy\" decoding=\"async\" width=\"472\" height=\"800\" src=\"https:\/\/impactodenoticias.com.ar\/wp-content\/uploads\/2024\/09\/mapa_advertencias.png\" alt=\"\" class=\"wp-image-3782\" srcset=\"https:\/\/impactodenoticias.com.ar\/wp-content\/uploads\/2024\/09\/mapa_advertencias.png 472w, https:\/\/impactodenoticias.com.ar\/wp-content\/uploads\/2024\/09\/mapa_advertencias-177x300.png 177w\" sizes=\"auto, (max-width: 472px) 100vw, 472px\" \/><\/figure>\n\n\n\n<p><\/p>\n\n\n\n<p>Las provincias afectadas ser\u00e1n Catamarca, Chaco, Corrientes, Formosa, Jujuy, Misiones, Salta, Santa Fe, Santiago del Estero y Tucum\u00e1n rige un aviso especial por \u00abfen\u00f3menos que pueden representar inconvenientes o dificultades en el normal desenvolvimiento en la vida social\u201d. A partir de este lunes, el alerta violeta llegar\u00e1 a Entre R\u00edos y Buenos Aires.<\/p>\n\n\n\n<p>Se indica adem\u00e1s que las personas que podr\u00edan verse m\u00e1s afectados por el humo son aquellas personas que tienen problemas de salud respiratorios.<\/p>\n\n\n\n<p>Debido a la visibilidad reducida por el humo, el organismo dependiente del Ministerio de Defensa recomienda evitar actividades al aire libre; protegerse las v\u00edas respiratorias y oculares; intentar no circular y, en caso de hacerlo, tomar las precauciones en la ruta con baja visibilidad; manejar despacio, mantener a distancia y utilizar las luces bajas; y mantenerse informado por las autoridades.<\/p>\n\n\n\n<p>Los pron\u00f3sticos precisan que las condiciones de humo se mantendr\u00e1n al menos hasta el pr\u00f3ximo mi\u00e9rcoles 11 de septiembre. Ese d\u00eda, el avance de un nuevo frente fr\u00edo desde el sur generar\u00e1 un rotaci\u00f3n del viento que permitir\u00e1 el ingreso de aire m\u00e1s limpio desde la Patagonia a toda la regi\u00f3n.<\/p>\n\n\n\n<p>Este fen\u00f3meno tiene que ver con los fuertes incendios que se desarrollan en gran parte de Am\u00e9rica del Sur, y que desde hace d\u00edas adem\u00e1s afectan a la regi\u00f3n del Amazonas en Brasil. Los incendios forestales en Bolivia comenzaron hace tres meses, pero en las \u00faltimas semanas se propagaron y se salieron de control. El gobierno moviliz\u00f3 m\u00e1s de cinco mil bomberos voluntarios y recibi\u00f3 ayuda de otros pa\u00edses de la regi\u00f3n para contener el avance de las llamas.<\/p>\n","protected":false},"excerpt":{"rendered":"<p>La provincia de Entre R&iacute;os se ver&aacute; afectada por un alerta especial a partir de este lunes, asi lo inform&oacute; el Servicio Meteorol&oacute;gico Nacional, en su informe del domingo. El Servicio Meteorol&oacute;gico Nacional (SMN) emiti&oacute; una advertencia especial para diez provincias del norte del pa&iacute;s debido a un corredor de humo que se gener&oacute; a [&hellip;]<\/p>\n","protected":false},"author":2,"featured_media":3783,"comment_status":"open","ping_status":"open","sticky":false,"template":"","format":"standard","meta":{"footnotes":""},"categories":[4,49],"tags":[1613,38,33,1326,1610],"class_list":["post-3781","post","type-post","status-publish","format-standard","has-post-thumbnail","hentry","category-provinciales","category-sociedad","tag-alerta","tag-clima","tag-entre-rios","tag-humo","tag-lunes"],"_links":{"self":[{"href":"https:\/\/impactodenoticias.com.ar\/index.php?rest_route=\/wp\/v2\/posts\/3781","targetHints":{"allow":["GET"]}}],"collection":[{"href":"https:\/\/impactodenoticias.com.ar\/index.php?rest_route=\/wp\/v2\/posts"}],"about":[{"href":"https:\/\/impactodenoticias.com.ar\/index.php?rest_route=\/wp\/v2\/types\/post"}],"author":[{"embeddable":true,"href":"https:\/\/impactodenoticias.com.ar\/index.php?rest_route=\/wp\/v2\/users\/2"}],"replies":[{"embeddable":true,"href":"https:\/\/impactodenoticias.com.ar\/index.php?rest_route=%2Fwp%2Fv2%2Fcomments&post=3781"}],"version-history":[{"count":1,"href":"https:\/\/impactodenoticias.com.ar\/index.php?rest_route=\/wp\/v2\/posts\/3781\/revisions"}],"predecessor-version":[{"id":3784,"href":"https:\/\/impactodenoticias.com.ar\/index.php?rest_route=\/wp\/v2\/posts\/3781\/revisions\/3784"}],"wp:featuredmedia":[{"embeddable":true,"href":"https:\/\/impactodenoticias.com.ar\/index.php?rest_route=\/wp\/v2\/media\/3783"}],"wp:attachment":[{"href":"https:\/\/impactodenoticias.com.ar\/index.php?rest_route=%2Fwp%2Fv2%2Fmedia&parent=3781"}],"wp:term":[{"taxonomy":"category","embeddable":true,"href":"https:\/\/impactodenoticias.com.ar\/index.php?rest_route=%2Fwp%2Fv2%2Fcategories&post=3781"},{"taxonomy":"post_tag","embeddable":true,"href":"https:\/\/impactodenoticias.com.ar\/index.php?rest_route=%2Fwp%2Fv2%2Ftags&post=3781"}],"curies":[{"name":"wp","href":"https:\/\/api.w.org\/{rel}","templated":true}]}}