{"id":3786,"date":"2024-09-08T20:23:17","date_gmt":"2024-09-08T23:23:17","guid":{"rendered":"https:\/\/impactodenoticias.com.ar\/?p=3786"},"modified":"2024-09-08T20:23:17","modified_gmt":"2024-09-08T23:23:17","slug":"parana-conductora-alcoholizada-se-durmio-al-volante-y-embistio-su-auto-contra-una-columna-de-alumbrado-publico","status":"publish","type":"post","link":"https:\/\/impactodenoticias.com.ar\/?p=3786","title":{"rendered":"Paran\u00e1: conductora alcoholizada \u201cse durmi\u00f3 al volante\u201d y embisti\u00f3 su auto contra una columna de alumbrado p\u00fablico"},"content":{"rendered":"\n<h3 class=\"wp-block-heading\">Una mujer, oriunda de Paran\u00e1, conduc\u00eda en estado de ebriedad se habr\u00eda \u201cquedado dormida\u201d y choc\u00f3 contra una columna de alumbrado p\u00fablico en la ciudad de Concordia. La conductora, ten\u00eda 1,43 gr de alcohol en sangre.<\/h3>\n\n\n\n<p>Una mujer de 33 a\u00f1os, residente en Paran\u00e1, protagoniz\u00f3 un accidente mientras conduc\u00eda un autom\u00f3vil en la ciudad de Concordia.<\/p>\n\n\n\n<p><\/p>\n\n\n\n<figure class=\"wp-block-image size-full\"><img loading=\"lazy\" decoding=\"async\" width=\"900\" height=\"600\" src=\"https:\/\/impactodenoticias.com.ar\/wp-content\/uploads\/2024\/09\/e_1725802156_39020.webp\" alt=\"\" class=\"wp-image-3787\" srcset=\"https:\/\/impactodenoticias.com.ar\/wp-content\/uploads\/2024\/09\/e_1725802156_39020.webp 900w, https:\/\/impactodenoticias.com.ar\/wp-content\/uploads\/2024\/09\/e_1725802156_39020-300x200.webp 300w, https:\/\/impactodenoticias.com.ar\/wp-content\/uploads\/2024\/09\/e_1725802156_39020-768x512.webp 768w\" sizes=\"auto, (max-width: 900px) 100vw, 900px\" \/><\/figure>\n\n\n\n<p><\/p>\n\n\n\n<figure class=\"wp-block-image size-large\"><img loading=\"lazy\" decoding=\"async\" width=\"1024\" height=\"683\" src=\"https:\/\/impactodenoticias.com.ar\/wp-content\/uploads\/2024\/09\/l_1725802156_58208-1024x683.webp\" alt=\"\" class=\"wp-image-3788\" srcset=\"https:\/\/impactodenoticias.com.ar\/wp-content\/uploads\/2024\/09\/l_1725802156_58208-1024x683.webp 1024w, https:\/\/impactodenoticias.com.ar\/wp-content\/uploads\/2024\/09\/l_1725802156_58208-300x200.webp 300w, https:\/\/impactodenoticias.com.ar\/wp-content\/uploads\/2024\/09\/l_1725802156_58208-768x512.webp 768w, https:\/\/impactodenoticias.com.ar\/wp-content\/uploads\/2024\/09\/l_1725802156_58208.webp 1200w\" sizes=\"auto, (max-width: 1024px) 100vw, 1024px\" \/><\/figure>\n\n\n\n<p><\/p>\n\n\n\n<p>De acuerdo a la informaci\u00f3n brindada por la Polic\u00eda, la conductora circulaba por calle San Lorenzo en direcci\u00f3n Este a Oeste cuando, al llegar a la intersecci\u00f3n con calle Nogoy\u00e1, se qued\u00f3 dormida al volante. Esta falta de atenci\u00f3n result\u00f3 en que el veh\u00edculo impactara violentamente contra una columna de alumbrado p\u00fablico.<\/p>\n\n\n\n<p>A ra\u00edz del siniestro, el auto qued\u00f3 destrozado en la parte de adelante. La conductora fue sometida a un test de alcoholemia en el lugar del accidente. El resultado arroj\u00f3 un nivel de alcohol en sangre de 1,43 gr. La polic\u00eda y el personal de tr\u00e1nsito se hicieron presentes para controlar la situaci\u00f3n y se procedi\u00f3 al retiro del veh\u00edculo con una gr\u00faa.<\/p>\n\n\n\n<p>Afortunadamente el choque, no dej\u00f3 heridos graves, pero s\u00ed da\u00f1os materiales significativos en el autom\u00f3vil y el alumbrado p\u00fablico.<\/p>\n","protected":false},"excerpt":{"rendered":"<p>Una mujer, oriunda de Paran&aacute;, conduc&iacute;a en estado de ebriedad se habr&iacute;a &ldquo;quedado dormida&rdquo; y choc&oacute; contra una columna de alumbrado p&uacute;blico en la ciudad de Concordia. La conductora, ten&iacute;a 1,43 gr de alcohol en sangre. Una mujer de 33 a&ntilde;os, residente en Paran&aacute;, protagoniz&oacute; un accidente mientras conduc&iacute;a un autom&oacute;vil en la ciudad de [&hellip;]<\/p>\n","protected":false},"author":2,"featured_media":3789,"comment_status":"open","ping_status":"open","sticky":false,"template":"","format":"standard","meta":{"footnotes":""},"categories":[8,4],"tags":[507,652,1757,72],"class_list":["post-3786","post","type-post","status-publish","format-standard","has-post-thumbnail","hentry","category-policiales","category-provinciales","tag-auto","tag-choque","tag-columna","tag-concordia"],"_links":{"self":[{"href":"https:\/\/impactodenoticias.com.ar\/index.php?rest_route=\/wp\/v2\/posts\/3786","targetHints":{"allow":["GET"]}}],"collection":[{"href":"https:\/\/impactodenoticias.com.ar\/index.php?rest_route=\/wp\/v2\/posts"}],"about":[{"href":"https:\/\/impactodenoticias.com.ar\/index.php?rest_route=\/wp\/v2\/types\/post"}],"author":[{"embeddable":true,"href":"https:\/\/impactodenoticias.com.ar\/index.php?rest_route=\/wp\/v2\/users\/2"}],"replies":[{"embeddable":true,"href":"https:\/\/impactodenoticias.com.ar\/index.php?rest_route=%2Fwp%2Fv2%2Fcomments&post=3786"}],"version-history":[{"count":1,"href":"https:\/\/impactodenoticias.com.ar\/index.php?rest_route=\/wp\/v2\/posts\/3786\/revisions"}],"predecessor-version":[{"id":3790,"href":"https:\/\/impactodenoticias.com.ar\/index.php?rest_route=\/wp\/v2\/posts\/3786\/revisions\/3790"}],"wp:featuredmedia":[{"embeddable":true,"href":"https:\/\/impactodenoticias.com.ar\/index.php?rest_route=\/wp\/v2\/media\/3789"}],"wp:attachment":[{"href":"https:\/\/impactodenoticias.com.ar\/index.php?rest_route=%2Fwp%2Fv2%2Fmedia&parent=3786"}],"wp:term":[{"taxonomy":"category","embeddable":true,"href":"https:\/\/impactodenoticias.com.ar\/index.php?rest_route=%2Fwp%2Fv2%2Fcategories&post=3786"},{"taxonomy":"post_tag","embeddable":true,"href":"https:\/\/impactodenoticias.com.ar\/index.php?rest_route=%2Fwp%2Fv2%2Ftags&post=3786"}],"curies":[{"name":"wp","href":"https:\/\/api.w.org\/{rel}","templated":true}]}}