{"id":3794,"date":"2024-09-09T08:36:46","date_gmt":"2024-09-09T11:36:46","guid":{"rendered":"https:\/\/impactodenoticias.com.ar\/?p=3794"},"modified":"2024-09-09T08:36:47","modified_gmt":"2024-09-09T11:36:47","slug":"clima-en-entre-rios-se-pronostica-una-jornada-con-un-fuerte-aumento-de-las-temperaturas","status":"publish","type":"post","link":"https:\/\/impactodenoticias.com.ar\/?p=3794","title":{"rendered":"Clima en Entre R\u00edos: se pronostica una jornada con un fuerte aumento de las temperaturas"},"content":{"rendered":"\n<p><strong>Este martes ser\u00e1 el d\u00eda m\u00e1s caluroso de la semana. Posteriormente se espera un fuerte cambio de las condiciones del tiempo.<\/strong><\/p>\n\n\n\n<p>El Servicio Meteorol\u00f3gico Nacional \u2013SMN-anuncia para este lunes 9 de septiembre una jornada muy calurosa, con m\u00ednimas de entre 12 y 15 grados y m\u00e1ximas de entre 24 y 27 grados.<\/p>\n\n\n\n<p>Para hoy habr\u00e1 se pronostica nubosidad variable en el territorio provincial. Adem\u00e1s, persiste un alerta violeta por la presencia de humo que llega desde Brasil e gran parte del centro y norte argentino.<\/p>\n\n\n\n<p>El d\u00eda m\u00e1s caluroso ser\u00e1 este martes 10 de septiembre. Se prev\u00e9n hasta 32 grados de m\u00e1xima. En tanto, se pronostica para el mi\u00e9rcoles un cambio de tiempo, con la posible llegada de inestabilidades.<\/p>\n\n\n\n<p><\/p>\n\n\n\n<p><strong>Clima en las principales ciudades entrerrianas<\/strong><\/p>\n\n\n\n<p><\/p>\n\n\n\n<figure class=\"wp-block-image size-full\"><img loading=\"lazy\" decoding=\"async\" width=\"675\" height=\"541\" src=\"https:\/\/impactodenoticias.com.ar\/wp-content\/uploads\/2024\/09\/scrnli_9_9_2024_8-34-27.png\" alt=\"\" class=\"wp-image-3795\" srcset=\"https:\/\/impactodenoticias.com.ar\/wp-content\/uploads\/2024\/09\/scrnli_9_9_2024_8-34-27.png 675w, https:\/\/impactodenoticias.com.ar\/wp-content\/uploads\/2024\/09\/scrnli_9_9_2024_8-34-27-300x240.png 300w\" sizes=\"auto, (max-width: 675px) 100vw, 675px\" \/><\/figure>\n\n\n\n<p><\/p>\n\n\n\n<p>En Paran\u00e1, La Paz, Diamante, Nogoy\u00e1 y Villaguay anuncian mayor nubosidad para este lunes y martes. Ma\u00f1ana se esperan 32 grados de m\u00e1xima. El mi\u00e9rcoles prev\u00e9n tormentas aisladas, sobre todo de ma\u00f1ana.<\/p>\n\n\n\n<p>Mientras que en Gualeguaych\u00fa, Uruguay, Col\u00f3n, Tala e Islas del Ibicuy se espera para este martes 29 grados de m\u00e1xima. Ma\u00f1ana de tarde noche podr\u00edan llegar algunas lluvias y tormentas aisladas, las que continuar\u00edan el mi\u00e9rcoles de ma\u00f1ana, con baja de temperaturas.<\/p>\n\n\n\n<p>En Concordia, Federal, Feliciano, Federaci\u00f3n y San Salvador se aguarda nubosidad en aumento, con m\u00e1ximas de 32 grados este martes. El mi\u00e9rcoles cambiar\u00eda el tiempo, con probabilidad de lluvias y tormentas aisladas, sobre todo en horas de la ma\u00f1ana.<\/p>\n\n\n\n<p>Por su parte en Victoria y Gualeguay pronostican 29 grados para este martes, con tiempo inestable a partir de la tarde noche. Anuncian posibles tormentas aisladas hasta el mi\u00e9rcoles en horas de la ma\u00f1ana.<\/p>\n","protected":false},"excerpt":{"rendered":"<p>Este martes ser&aacute; el d&iacute;a m&aacute;s caluroso de la semana. Posteriormente se espera un fuerte cambio de las condiciones del tiempo. El Servicio Meteorol&oacute;gico Nacional &ndash;SMN-anuncia para este lunes 9 de septiembre una jornada muy calurosa, con m&iacute;nimas de entre 12 y 15 grados y m&aacute;ximas de entre 24 y 27 grados. Para hoy habr&aacute; [&hellip;]<\/p>\n","protected":false},"author":2,"featured_media":3796,"comment_status":"open","ping_status":"open","sticky":false,"template":"","format":"standard","meta":{"footnotes":""},"categories":[4,49],"tags":[38,95],"class_list":["post-3794","post","type-post","status-publish","format-standard","has-post-thumbnail","hentry","category-provinciales","category-sociedad","tag-clima","tag-parana"],"_links":{"self":[{"href":"https:\/\/impactodenoticias.com.ar\/index.php?rest_route=\/wp\/v2\/posts\/3794","targetHints":{"allow":["GET"]}}],"collection":[{"href":"https:\/\/impactodenoticias.com.ar\/index.php?rest_route=\/wp\/v2\/posts"}],"about":[{"href":"https:\/\/impactodenoticias.com.ar\/index.php?rest_route=\/wp\/v2\/types\/post"}],"author":[{"embeddable":true,"href":"https:\/\/impactodenoticias.com.ar\/index.php?rest_route=\/wp\/v2\/users\/2"}],"replies":[{"embeddable":true,"href":"https:\/\/impactodenoticias.com.ar\/index.php?rest_route=%2Fwp%2Fv2%2Fcomments&post=3794"}],"version-history":[{"count":1,"href":"https:\/\/impactodenoticias.com.ar\/index.php?rest_route=\/wp\/v2\/posts\/3794\/revisions"}],"predecessor-version":[{"id":3797,"href":"https:\/\/impactodenoticias.com.ar\/index.php?rest_route=\/wp\/v2\/posts\/3794\/revisions\/3797"}],"wp:featuredmedia":[{"embeddable":true,"href":"https:\/\/impactodenoticias.com.ar\/index.php?rest_route=\/wp\/v2\/media\/3796"}],"wp:attachment":[{"href":"https:\/\/impactodenoticias.com.ar\/index.php?rest_route=%2Fwp%2Fv2%2Fmedia&parent=3794"}],"wp:term":[{"taxonomy":"category","embeddable":true,"href":"https:\/\/impactodenoticias.com.ar\/index.php?rest_route=%2Fwp%2Fv2%2Fcategories&post=3794"},{"taxonomy":"post_tag","embeddable":true,"href":"https:\/\/impactodenoticias.com.ar\/index.php?rest_route=%2Fwp%2Fv2%2Ftags&post=3794"}],"curies":[{"name":"wp","href":"https:\/\/api.w.org\/{rel}","templated":true}]}}