{"id":382,"date":"2024-06-21T17:44:50","date_gmt":"2024-06-21T20:44:50","guid":{"rendered":"https:\/\/impactodenoticias.com.ar\/?p=382"},"modified":"2024-06-21T17:44:55","modified_gmt":"2024-06-21T20:44:55","slug":"lo-que-le-faltaba-al-senador-kueider-ahora-fue-denunciado-por-enriquecimiento-ilicito","status":"publish","type":"post","link":"https:\/\/impactodenoticias.com.ar\/?p=382","title":{"rendered":"Lo que le faltaba al Senador Kueider: ahora fue denunciado por \u00abEnriquecimiento Il\u00edcito\u00bb"},"content":{"rendered":"\n<p><strong>A primera hora de la ma\u00f1ana del d\u00eda mi\u00e9rcoles 19 de junio, se efectiviz\u00f3 la presentaci\u00f3n de la denuncia en el Ministerio Publico Fiscal de Concordia para que se inicie una investigaci\u00f3n sobre las propiedades y todo tipo de activo que figuren a nombre del senador Edgardo Kueider, o de personas cercanas a \u00e9l, como el hijo y una secretaria.<\/strong><\/p>\n\n\n\n<p>La denuncia fue hecha por Eliseo Blanco, DNI 20765839, vecino de la ciudad de Concordia, quien llev\u00f3 consigo material period\u00edstico que ha sido replicado en muchos portales, donde se presenta documentaci\u00f3n que acreditan bienes inmuebles de valores millonarios.<\/p>\n\n\n\n<p>El senador por Entre R\u00edos, Edgardo Kueider, es due\u00f1o de una empresa que posee varias unidades en un edificio de lujo, relacionado con empresarios arrestados por corrupci\u00f3n, mas precisamente con los hermanos Tortull. Estos empresarios est\u00e1n involucrados en un esquema de sobornos multimillonarios a funcionarios, con el fin de asegurar contratos para sus compa\u00f1\u00edas, seg\u00fan revel\u00f3 un informe period\u00edstico.<\/p>\n\n\n\n<p>El informe detalla que, aunque Kueider ingres\u00f3 al Senado en diciembre de 2019, hasta la fecha solo se encuentra disponible una declaraci\u00f3n jurada rectificativa del a\u00f1o 2021 en la Oficina Anticorrupci\u00f3n. En esta declaraci\u00f3n, el legislador, quien reporta bienes por 5.4 millones de pesos, menciona su participaci\u00f3n en la empresa Betail SA, aunque evita nombrarla directamente y solo la identifica por su n\u00famero de CUIT.<\/p>\n\n\n\n<p>Betail SA, creada en 2018 con un capital de $100.000, se dedica a la venta al por mayor de ganado bovino y a la producci\u00f3n de semillas agr\u00edcolas. Kueider se sum\u00f3 al directorio en enero de 2020, junto con su amigo Javier Rubel, un monotributista de categor\u00eda C que no paga IVA.<\/p>\n\n\n\n<p>De acuerdo a la documentaci\u00f3n publicada por el sitio El Disenso (una planilla con el listado de las expensas), la empresa Betail SA ser\u00eda due\u00f1a de varias unidades en el Departamento VIP \u201cLIVE\u201d en la calle Santiago del Estero 511, en Paran\u00e1, Entre R\u00edos. Se tratar\u00eda de las cocheras 12 y 14, los departamentos 46 (piso 6, departamento D) y 47 (piso 6, departamento E), y el semipiso 72 (piso 13, departamento B).<\/p>\n\n\n\n<p>A solo dos cuadras del r\u00edo, la torre de lujo, con amenities, tiene gimnasio, piscina, quincho y solarium. Seg\u00fan las publicaciones originales de la inmobiliaria que vende este complejo VIP, las unidades salieron a la venta con un precio base de USD 320.000 (sin cochera). Por lo tanto, resulta sumamente f\u00e1cil deducir la inversi\u00f3n total de Betail SA en el edificio.<\/p>\n\n\n\n<p class=\"has-vivid-red-color has-text-color has-link-color wp-elements-88e9209fa1f90cd60462b4f2858b2b30\"><strong>Las planillas de expensas del edificio en cuesti\u00f3n habr\u00edan sufrido una reciente modificaci\u00f3n significativa: \u00abdesapareci\u00f3 del listado de quienes deban abonar las expensas la sociedad an\u00f3nima Betail\u00bb.<\/strong><\/p>\n\n\n\n<p>En cambio, la persona que ocupa su lugar es Iara Magdalena Guinsel Costa. En febrero de 2024, fue nombrada mediante la Resoluci\u00f3n 0283\/24 en la planta temporaria del Honorable Senado de la Naci\u00f3n, con destino al despacho del Senador Edgardo Dar\u00edo Kueider, categor\u00eda A-1-T, seg\u00fan se especifica en el documento, definitivamente la acci\u00f3n demuestra muy poca creatividad a la hora de cambiar de titularidad bienes supuestamente propios.<\/p>\n\n\n\n<p>Un detalle importante del documento es que el vecino del semipiso en el piso 13, que est\u00e1 a nombre de la empresa de Kueider, parece ser Claudio Tortul, quien es contador y empresario. Adem\u00e1s, Claudio Tortul tambi\u00e9n es propietario de otras cinco unidades en el mismo edificio.<\/p>\n\n\n\n<p>El grupo que desarroll\u00f3 este proyecto inmobiliario incluye a socios de los hermanos Claudio y Marcelo Tortul, quienes actualmente est\u00e1n presos en el Penal de Ezeiza, por pagos de sobornos para obtener y conservar el Servicio de Seguridad Privada de ENERSA durante la gesti\u00f3n Bordet, cabe recordar que Edgardo Kueider fue el Secretario de la Gobernaci\u00f3n de su \u00abamigo\u00bb Bordet.<\/p>\n","protected":false},"excerpt":{"rendered":"<p>A primera hora de la ma&ntilde;ana del d&iacute;a mi&eacute;rcoles 19 de junio, se efectiviz&oacute; la presentaci&oacute;n de la denuncia en el Ministerio Publico Fiscal de Concordia para que se inicie una investigaci&oacute;n sobre las propiedades y todo tipo de activo que figuren a nombre del senador Edgardo Kueider, o de personas cercanas a &eacute;l, como [&hellip;]<\/p>\n","protected":false},"author":2,"featured_media":383,"comment_status":"open","ping_status":"open","sticky":false,"template":"","format":"standard","meta":{"footnotes":""},"categories":[3,4],"tags":[70,72,68,27,69,33,32],"class_list":["post-382","post","type-post","status-publish","format-standard","has-post-thumbnail","hentry","category-locales","category-provinciales","tag-betail-sa","tag-concordia","tag-denuncia","tag-edgardo-kueider","tag-enriquecimiento-ilicito","tag-entre-rios","tag-gustavo-bordet"],"_links":{"self":[{"href":"https:\/\/impactodenoticias.com.ar\/index.php?rest_route=\/wp\/v2\/posts\/382","targetHints":{"allow":["GET"]}}],"collection":[{"href":"https:\/\/impactodenoticias.com.ar\/index.php?rest_route=\/wp\/v2\/posts"}],"about":[{"href":"https:\/\/impactodenoticias.com.ar\/index.php?rest_route=\/wp\/v2\/types\/post"}],"author":[{"embeddable":true,"href":"https:\/\/impactodenoticias.com.ar\/index.php?rest_route=\/wp\/v2\/users\/2"}],"replies":[{"embeddable":true,"href":"https:\/\/impactodenoticias.com.ar\/index.php?rest_route=%2Fwp%2Fv2%2Fcomments&post=382"}],"version-history":[{"count":1,"href":"https:\/\/impactodenoticias.com.ar\/index.php?rest_route=\/wp\/v2\/posts\/382\/revisions"}],"predecessor-version":[{"id":384,"href":"https:\/\/impactodenoticias.com.ar\/index.php?rest_route=\/wp\/v2\/posts\/382\/revisions\/384"}],"wp:featuredmedia":[{"embeddable":true,"href":"https:\/\/impactodenoticias.com.ar\/index.php?rest_route=\/wp\/v2\/media\/383"}],"wp:attachment":[{"href":"https:\/\/impactodenoticias.com.ar\/index.php?rest_route=%2Fwp%2Fv2%2Fmedia&parent=382"}],"wp:term":[{"taxonomy":"category","embeddable":true,"href":"https:\/\/impactodenoticias.com.ar\/index.php?rest_route=%2Fwp%2Fv2%2Fcategories&post=382"},{"taxonomy":"post_tag","embeddable":true,"href":"https:\/\/impactodenoticias.com.ar\/index.php?rest_route=%2Fwp%2Fv2%2Ftags&post=382"}],"curies":[{"name":"wp","href":"https:\/\/api.w.org\/{rel}","templated":true}]}}