{"id":391,"date":"2024-06-24T23:00:04","date_gmt":"2024-06-25T02:00:04","guid":{"rendered":"https:\/\/impactodenoticias.com.ar\/?p=391"},"modified":"2024-06-24T23:00:04","modified_gmt":"2024-06-25T02:00:04","slug":"el-sector-hotelero-y-gastronomico-padece-un-fuerte-incremento-de-las-tarifas-de-luz-y-gas","status":"publish","type":"post","link":"https:\/\/impactodenoticias.com.ar\/?p=391","title":{"rendered":"El sector hotelero y gastron\u00f3mico padece un fuerte incremento de las tarifas de luz y gas"},"content":{"rendered":"\n<p><strong>Si bien descart\u00f3 que se trate de \u00abuna crisis sin precedentes\u00bb como manifiestan desde el sector en otros lugares del pa\u00eds, el secretario de la Federaci\u00f3n Empresaria Hotelera Gastron\u00f3mica de la Rep\u00fablica Argentina, Marcelo Barsuglia, alert\u00f3 por despidos como consecuencia de los incrementos de las tarifas y de los alquileres.<\/strong><\/p>\n\n\n\n<p>Barsuglia repas\u00f3 la situaci\u00f3n del sector hotelero y gastron\u00f3mico en la provincia de Entre R\u00edos. Es que las principales ciudades tur\u00edsticas registran ocupaciones hoteleras por debajo del 20% y la gastronom\u00eda sufre una baja interanual del 12%.<\/p>\n\n\n\n<p>Si bien descart\u00f3 que se trate de \u00abuna crisis sin precedentes\u00bb como expresan desde el sector de otros lugares del pa\u00eds el secretario de la Federaci\u00f3n Empresaria Hotelera Gastron\u00f3mica de la Rep\u00fablica Argentina, afirm\u00f3 que en ciudades como la capital provincial se vienen registrando despidos de trabajadores.<\/p>\n\n\n\n<p>Sum\u00f3 al dif\u00edcil contexto econ\u00f3mico del pa\u00eds, con un fuerte incremento de las tarifas y de los alquileres: \u00abEstamos en un estado peligroso, porque esto nos aument\u00f3 mucho los costos y hoy la gente realmente no tiene dinero como para poder salir a almorzar o cenar, viajar e ir a un hotel\u00bb, se\u00f1al\u00f3.<\/p>\n\n\n\n<p>Y a\u00f1adi\u00f3: \u00abEsperamos poder seguir aguantando este momento para que, cuando se recupere un poco la econom\u00eda, podamos volver a salir r\u00e1pidamente de esta crisis\u00bb.<\/p>\n\n\n\n<p><strong>Programa Cuota Simple<\/strong><\/p>\n\n\n\n<p>Consultado sobre el programa, Barsuglia subray\u00f3 la implementaci\u00f3n del Programa Cuota Simple impulsado por el Gobierno nacional y que permite compras en 3, 6 y 12 cuotas con un inter\u00e9s \u00absignificativamente bajo\u00bb.<\/p>\n\n\n\n<p>Lament\u00f3 que este beneficio no alcance al sector gastron\u00f3mico: \u00abSirve para comprar pasajes de avi\u00f3n, colectivo o reservas en hoteles, pero no para la gastronom\u00eda\u00bb, explic\u00f3.<\/p>\n\n\n\n<p>En cuanto a los niveles de ocupaci\u00f3n durante el \u00faltimo fin de semana largo, Barsuglia confirm\u00f3 que fue de entre el 42 y el 50 por ciento. Precis\u00f3 que esta cifra se dio adem\u00e1s como consecuencia de la coincidencia con el D\u00eda del Padre, que en el pa\u00eds se celebr\u00f3 el pasado domingo 16 de junio.<\/p>\n","protected":false},"excerpt":{"rendered":"<p>Si bien descart&oacute; que se trate de &laquo;una crisis sin precedentes&raquo; como manifiestan desde el sector en otros lugares del pa&iacute;s, el secretario de la Federaci&oacute;n Empresaria Hotelera Gastron&oacute;mica de la Rep&uacute;blica Argentina, Marcelo Barsuglia, alert&oacute; por despidos como consecuencia de los incrementos de las tarifas y de los alquileres. Barsuglia repas&oacute; la situaci&oacute;n del [&hellip;]<\/p>\n","protected":false},"author":2,"featured_media":0,"comment_status":"open","ping_status":"open","sticky":false,"template":"","format":"standard","meta":{"footnotes":""},"categories":[90],"tags":[],"class_list":["post-391","post","type-post","status-publish","format-standard","hentry","category-judicial"],"_links":{"self":[{"href":"https:\/\/impactodenoticias.com.ar\/index.php?rest_route=\/wp\/v2\/posts\/391","targetHints":{"allow":["GET"]}}],"collection":[{"href":"https:\/\/impactodenoticias.com.ar\/index.php?rest_route=\/wp\/v2\/posts"}],"about":[{"href":"https:\/\/impactodenoticias.com.ar\/index.php?rest_route=\/wp\/v2\/types\/post"}],"author":[{"embeddable":true,"href":"https:\/\/impactodenoticias.com.ar\/index.php?rest_route=\/wp\/v2\/users\/2"}],"replies":[{"embeddable":true,"href":"https:\/\/impactodenoticias.com.ar\/index.php?rest_route=%2Fwp%2Fv2%2Fcomments&post=391"}],"version-history":[{"count":1,"href":"https:\/\/impactodenoticias.com.ar\/index.php?rest_route=\/wp\/v2\/posts\/391\/revisions"}],"predecessor-version":[{"id":409,"href":"https:\/\/impactodenoticias.com.ar\/index.php?rest_route=\/wp\/v2\/posts\/391\/revisions\/409"}],"wp:attachment":[{"href":"https:\/\/impactodenoticias.com.ar\/index.php?rest_route=%2Fwp%2Fv2%2Fmedia&parent=391"}],"wp:term":[{"taxonomy":"category","embeddable":true,"href":"https:\/\/impactodenoticias.com.ar\/index.php?rest_route=%2Fwp%2Fv2%2Fcategories&post=391"},{"taxonomy":"post_tag","embeddable":true,"href":"https:\/\/impactodenoticias.com.ar\/index.php?rest_route=%2Fwp%2Fv2%2Ftags&post=391"}],"curies":[{"name":"wp","href":"https:\/\/api.w.org\/{rel}","templated":true}]}}