{"id":3930,"date":"2024-09-11T11:13:43","date_gmt":"2024-09-11T14:13:43","guid":{"rendered":"https:\/\/impactodenoticias.com.ar\/?p=3930"},"modified":"2024-09-12T14:52:25","modified_gmt":"2024-09-12T17:52:25","slug":"la-justicia-allano-la-comisaria-de-santa-elena-y-se-llevaron-las-grabaciones-de-las-camaras","status":"publish","type":"post","link":"https:\/\/impactodenoticias.com.ar\/?p=3930","title":{"rendered":"La Justicia allan\u00f3 la comisar\u00eda de Santa Elena y se llevaron las grabaciones de las c\u00e1maras"},"content":{"rendered":"\n<p><strong>La investigaci\u00f3n est\u00e1 relacionada con los hechos que convulsionaron la ciudad cuando, tras la viralizaci\u00f3n de un video entre dos menores, y vecinos apedrearon e incendiaron la casa de una familia.<\/strong><\/p>\n\n\n\n<p>Personal de Prefectura Naval Argentina junto a la fiscal auxiliar de La Paz, Paula Gareis, se presentaron en la comisar\u00eda N\u00b0 15 de la ciudad de Santa Elena para realizar un allanamiento autorizado por la Justicia. El operativo est\u00e1 relacionado a los hechos que convulsionaron la ciudad el jueves a la noche y viernes a la madrugada, cuando tras un video viral apedrearon e incendiaron la casa de una familia y una funeraria.<\/p>\n\n\n\n<p>Seg\u00fan se inform\u00f3, el procedimiento policial, se realiz\u00f3 en la mencionada dependencia policial, en el marco de los legajos 31166 y 31223. Se extrajeron los DVR de las c\u00e1maras de seguridad ubicadas en el lugar y se secuestraron tambi\u00e9n copias certificadas del libro de guardia, espec\u00edficamente en cuanto al persona que se desempe\u00f1\u00f3 en los turnos de los pasados 5 y 6 de septiembre.<\/p>\n\n\n\n<p>Cabe recordar que los violentos hechos, comenzaron despu\u00e9s que circulara a trav\u00e9s de WhatsApp un video que se interpret\u00f3 como un abuso sexual cometido por un adolescente de 17 a\u00f1os contra un ni\u00f1o de 14. Aunque la acusaci\u00f3n fue desmentida posteriormente, no obstante, la ira de los vecinos desat\u00f3 una serie de ataques contra la familia del joven acusado. Los agresores apedrearon e incendiaron la vivienda de la familia, su veh\u00edculo y la empresa funeraria de su padre.<\/p>\n\n\n\n<p>En medio del caos, la Polic\u00eda intervino para proteger al adolescente y su familia. Tres personas fueron trasladadas a la dependencia policial. Sin embargo, la situaci\u00f3n no se fren\u00f3, y el hecho sigue en investigaci\u00f3n, ya que tanto el joven como su padre denunciaron con posterioridad alguna situaci\u00f3n que motiv\u00f3 una nueva investigaci\u00f3n que est\u00e1 en manos de la fiscal Gareis. No trascendi\u00f3 el contenido de la nueva denuncia. Por ello, se busca con el secuestro de los DVR y posteriores an\u00e1lisis de las im\u00e1genes, determinar o deslindar las responsabilidades de los polic\u00edas que actuaron esa noche.<\/p>\n","protected":false},"excerpt":{"rendered":"<p>La investigaci&oacute;n est&aacute; relacionada con los hechos que convulsionaron la ciudad cuando, tras la viralizaci&oacute;n de un video entre dos menores, y vecinos apedrearon e incendiaron la casa de una familia. Personal de Prefectura Naval Argentina junto a la fiscal auxiliar de La Paz, Paula Gareis, se presentaron en la comisar&iacute;a N&deg; 15 de la [&hellip;]<\/p>\n","protected":false},"author":2,"featured_media":3931,"comment_status":"open","ping_status":"open","sticky":false,"template":"","format":"standard","meta":{"footnotes":""},"categories":[90,8,4],"tags":[395,1662,1821,439],"class_list":["post-3930","post","type-post","status-publish","format-standard","has-post-thumbnail","hentry","category-judicial","category-policiales","category-provinciales","tag-allanamiento","tag-comisaria","tag-dvr","tag-santa-elena"],"_links":{"self":[{"href":"https:\/\/impactodenoticias.com.ar\/index.php?rest_route=\/wp\/v2\/posts\/3930","targetHints":{"allow":["GET"]}}],"collection":[{"href":"https:\/\/impactodenoticias.com.ar\/index.php?rest_route=\/wp\/v2\/posts"}],"about":[{"href":"https:\/\/impactodenoticias.com.ar\/index.php?rest_route=\/wp\/v2\/types\/post"}],"author":[{"embeddable":true,"href":"https:\/\/impactodenoticias.com.ar\/index.php?rest_route=\/wp\/v2\/users\/2"}],"replies":[{"embeddable":true,"href":"https:\/\/impactodenoticias.com.ar\/index.php?rest_route=%2Fwp%2Fv2%2Fcomments&post=3930"}],"version-history":[{"count":2,"href":"https:\/\/impactodenoticias.com.ar\/index.php?rest_route=\/wp\/v2\/posts\/3930\/revisions"}],"predecessor-version":[{"id":3933,"href":"https:\/\/impactodenoticias.com.ar\/index.php?rest_route=\/wp\/v2\/posts\/3930\/revisions\/3933"}],"wp:featuredmedia":[{"embeddable":true,"href":"https:\/\/impactodenoticias.com.ar\/index.php?rest_route=\/wp\/v2\/media\/3931"}],"wp:attachment":[{"href":"https:\/\/impactodenoticias.com.ar\/index.php?rest_route=%2Fwp%2Fv2%2Fmedia&parent=3930"}],"wp:term":[{"taxonomy":"category","embeddable":true,"href":"https:\/\/impactodenoticias.com.ar\/index.php?rest_route=%2Fwp%2Fv2%2Fcategories&post=3930"},{"taxonomy":"post_tag","embeddable":true,"href":"https:\/\/impactodenoticias.com.ar\/index.php?rest_route=%2Fwp%2Fv2%2Ftags&post=3930"}],"curies":[{"name":"wp","href":"https:\/\/api.w.org\/{rel}","templated":true}]}}