{"id":3984,"date":"2024-09-12T10:37:53","date_gmt":"2024-09-12T13:37:53","guid":{"rendered":"https:\/\/impactodenoticias.com.ar\/?p=3984"},"modified":"2024-09-13T11:46:44","modified_gmt":"2024-09-13T14:46:44","slug":"el-senador-kueider-y-presidentes-de-bloques-dialoguistas-fueron-recibidos-por-milei-en-la-casa-rosada","status":"publish","type":"post","link":"https:\/\/impactodenoticias.com.ar\/?p=3984","title":{"rendered":"El senador Kueider y presidentes de bloques dialoguistas fueron recibidos por Milei en la Casa Rosada"},"content":{"rendered":"\n<p><strong>En medio del idas y vueltas en las negociaciones en la C\u00e1mara de Senadores, el titular del Poder Ejecutivo se encontr\u00f3 con jefes de bancadas y referentes del oficialismo y los bloques m\u00e1s cercanos del Senado.<\/strong><\/p>\n\n\n\n<p>El presidente Javier Milei mantuvo una reuni\u00f3n este mi\u00e9rcoles con senadores nacionales. En el encuentro estuvieron presentes senadores del oficialismo y los presidentes de los bloques dialoguistas, incluida la vicepresidenta de la Naci\u00f3n.<\/p>\n\n\n\n<p>Asistieron al encuentro con Milei en la Casa Rosada el senador del oficialismo Ezequiel Atauche, el presidente del bloque Pro Luis Juez; el de la UCR, Eduardo Vischi; y Mauricio Esp\u00ednola y Edgardo Kueider, de Unidad Federal. Tambi\u00e9n concurrieron los senadores Juan Carlos Romero, Beatriz Avila y Lucila Crexell.<\/p>\n\n\n\n<p>El mandatario estuvo acompa\u00f1ado por la titular del Senado, Victoria Villarruel; el jefe de Gabinete, Guillermo Francos; la ministra de Seguridad, Patricia Bullrich, y los vicejefes de Gabinete del Interior, Lisandro Catal\u00e1n, y de Gabinete Ejecutivo, Jos\u00e9 Rolandi.<\/p>\n\n\n\n<p>La reuni\u00f3n se raliza\u00f3 en sinton\u00eda con las que el presidente viene manteniendo con legisladores del oficialismo y las bancadas m\u00e1s cercanas. Fue una recomendaci\u00f3n del expresidente Mauricio Macri, quien en sus cenas en Olivos le sugiri\u00f3 que participara personalmente de los encuentros con los legisladores; que condujera a sus bloques, pero adem\u00e1s le pidi\u00f3 que hiciera lo mismo con los legisladores del Pro.<\/p>\n\n\n\n<p>El encuentro se lleva a cabo en momentos de actividad plena en ambas c\u00e1maras y cuando el Senado atraviesa un momento de tensi\u00f3n por el inminente tratamiento de temas que representar\u00e1n derrotas para el oficialismo, como el proyecto de financiamiento universitario, que ya cuenta con media sanci\u00f3n de la C\u00e1mara baja; y el rechazo al DNU de fondos reservados para la SIDE. Adem\u00e1s est\u00e1 complicado el tratamiento del proyecto para implementar la boleta \u00fanica de papel, public\u00f3 Parlamentario.<\/p>\n\n\n\n<p>Adem\u00e1s se dio en momentos en que el Senado trata un tema de especial inter\u00e9s para el Ejecutivo: los pliegos de los Ariel Lijo y Manuel Garc\u00eda-Mansilla, promovidos por el presidente de la Naci\u00f3n.<\/p>\n\n\n\n<p>Este c\u00f3nclave en la Rosada intenta realimentar el acuerdo de diciembre pasado, cuando las autoridades del Senado lograron conformar una mayor\u00eda de 39 senadores, para contraponer con la primera minor\u00eda voluminosa que representa Uni\u00f3n por la Patria en esa C\u00e1mara, con 33 miembros.<\/p>\n","protected":false},"excerpt":{"rendered":"<p>En medio del idas y vueltas en las negociaciones en la C&aacute;mara de Senadores, el titular del Poder Ejecutivo se encontr&oacute; con jefes de bancadas y referentes del oficialismo y los bloques m&aacute;s cercanos del Senado. El presidente Javier Milei mantuvo una reuni&oacute;n este mi&eacute;rcoles con senadores nacionales. En el encuentro estuvieron presentes senadores del [&hellip;]<\/p>\n","protected":false},"author":2,"featured_media":3985,"comment_status":"open","ping_status":"open","sticky":false,"template":"","format":"standard","meta":{"footnotes":""},"categories":[10,11],"tags":[1842,27,212,165],"class_list":["post-3984","post","type-post","status-publish","format-standard","has-post-thumbnail","hentry","category-nacionales","category-politica","tag-casa-rosada","tag-edgardo-kueider","tag-javier-milei","tag-senadores"],"_links":{"self":[{"href":"https:\/\/impactodenoticias.com.ar\/index.php?rest_route=\/wp\/v2\/posts\/3984","targetHints":{"allow":["GET"]}}],"collection":[{"href":"https:\/\/impactodenoticias.com.ar\/index.php?rest_route=\/wp\/v2\/posts"}],"about":[{"href":"https:\/\/impactodenoticias.com.ar\/index.php?rest_route=\/wp\/v2\/types\/post"}],"author":[{"embeddable":true,"href":"https:\/\/impactodenoticias.com.ar\/index.php?rest_route=\/wp\/v2\/users\/2"}],"replies":[{"embeddable":true,"href":"https:\/\/impactodenoticias.com.ar\/index.php?rest_route=%2Fwp%2Fv2%2Fcomments&post=3984"}],"version-history":[{"count":1,"href":"https:\/\/impactodenoticias.com.ar\/index.php?rest_route=\/wp\/v2\/posts\/3984\/revisions"}],"predecessor-version":[{"id":3986,"href":"https:\/\/impactodenoticias.com.ar\/index.php?rest_route=\/wp\/v2\/posts\/3984\/revisions\/3986"}],"wp:featuredmedia":[{"embeddable":true,"href":"https:\/\/impactodenoticias.com.ar\/index.php?rest_route=\/wp\/v2\/media\/3985"}],"wp:attachment":[{"href":"https:\/\/impactodenoticias.com.ar\/index.php?rest_route=%2Fwp%2Fv2%2Fmedia&parent=3984"}],"wp:term":[{"taxonomy":"category","embeddable":true,"href":"https:\/\/impactodenoticias.com.ar\/index.php?rest_route=%2Fwp%2Fv2%2Fcategories&post=3984"},{"taxonomy":"post_tag","embeddable":true,"href":"https:\/\/impactodenoticias.com.ar\/index.php?rest_route=%2Fwp%2Fv2%2Ftags&post=3984"}],"curies":[{"name":"wp","href":"https:\/\/api.w.org\/{rel}","templated":true}]}}