{"id":3993,"date":"2024-09-12T13:37:33","date_gmt":"2024-09-12T16:37:33","guid":{"rendered":"https:\/\/impactodenoticias.com.ar\/?p=3993"},"modified":"2024-09-13T11:46:28","modified_gmt":"2024-09-13T14:46:28","slug":"la-diputada-del-pro-que-ingreso-en-reemplazo-de-galimberti-dijo-no-estoy-en-contra-de-los-jubilados","status":"publish","type":"post","link":"https:\/\/impactodenoticias.com.ar\/?p=3993","title":{"rendered":"La diputada del PRO que ingres\u00f3 en reemplazo de Galimberti dijo: \u201cNo estoy en contra de los jubilados\u201d"},"content":{"rendered":"\n<p><strong>Nancy Ballejos (PRO) asumi\u00f3 para votar a favor del veto de Javier Milei, contra la nueva f\u00f3rmula de movilidad jubilatoria. En defensa su voto, indic\u00f3 que el proyecto \u00abno dec\u00eda c\u00f3mo se iba a financiar\u00bb.<\/strong><\/p>\n\n\n\n<p>La C\u00e1mara de Diputados de la Naci\u00f3n aprob\u00f3 este mi\u00e9rcoles el veto del presidente Javier Milei al proyecto de ley que establec\u00eda una nueva f\u00f3rmula de Movilidad Previsional y Seguridad Social. La votaci\u00f3n fue de 153 votos positivos a la reforma, 87 negativos y 8 abstenciones. No se alcanzaron los dos tercios para voltear el veto y la ley no prosper\u00f3.<\/p>\n\n\n\n<p>Por Entre R\u00edos, hubo seis votos a favor de la nueva f\u00f3rmula: los radicales Marcela \u00c1ntola y Atilio Benedetti y los peronistas Gustavo Bordet, Carolina Gaillard, Tom\u00e1s Ledesma y Blanca Osuna. En contra votaron Nancy Ballejos (PRO) y Beltr\u00e1n Benedit (La Libertad Avanza). Francisco Morchio, del PRO pero en el bloque Encuentro Federal, se ausent\u00f3.<\/p>\n\n\n\n<p>Nancy Ballejos debut\u00f3 en la sesi\u00f3n de este mi\u00e9rcoles, ya que ingres\u00f3 como reemplazo del radical Pedro Galimberti, que renunci\u00f3 a su banca para asumir en la Comisi\u00f3n T\u00e9cnica Mixta de la represa de Salto Grande.<\/p>\n\n\n\n<p>Este jueves al justificar su voto en contra de la nueva f\u00f3rmula, Ballejos afirm\u00f3: \u201cYo no estoy en contra de los jubilados. No estoy diciendo que cobren bien, por el contrario\u201d, pero defendi\u00f3 que \u201ctenemos una responsabilidad por la cual la gente vot\u00f3 una forma de gobierno y yo quiero legislar con responsabilidad\u201d.<\/p>\n\n\n\n<p>Y agreg\u00f3: \u201cEl proyecto no dec\u00eda c\u00f3mo se iba a financiar. Entonces la \u00fanica manera iba a ser emisi\u00f3n monetaria o toma de deuda, con lo que eso implica en t\u00e9rminos de inflaci\u00f3n. Individualmente la suma era \u00ednfima, pero el n\u00famero completo eran billones\u201d.<\/p>\n\n\n\n<p>En declaraciones radiales consider\u00f3 que \u201cel veto no implica que no se pueda volver a discutir una nueva ley de Reforma Previsional con otra actualizaci\u00f3n de jubilaciones\u201d.<\/p>\n\n\n\n<p>\u201cSoy consciente de que las jubilaciones est\u00e1n muy debajo de una buena calidad de vida. Sucede desde hace muchos gobiernos y la mayor ca\u00edda fue durante el gobierno de Alberto Fern\u00e1ndez\u201d, se\u00f1al\u00f3 Ballejos.<\/p>\n\n\n\n<p>La legisladora oriunda de Chajar\u00ed indic\u00f3: \u201cEstoy dispuesta a tratar e impulsar una reforma jubilatoria digna y con responsabilidad fiscal de todos los argentinos. Y tambi\u00e9n discutir por qu\u00e9 no todos los trabajadores aportan y c\u00f3mo eso afecta a las jubilaciones en un futuro\u201d.<\/p>\n","protected":false},"excerpt":{"rendered":"<p>Nancy Ballejos (PRO) asumi&oacute; para votar a favor del veto de Javier Milei, contra la nueva f&oacute;rmula de movilidad jubilatoria. En defensa su voto, indic&oacute; que el proyecto &laquo;no dec&iacute;a c&oacute;mo se iba a financiar&raquo;. La C&aacute;mara de Diputados de la Naci&oacute;n aprob&oacute; este mi&eacute;rcoles el veto del presidente Javier Milei al proyecto de ley [&hellip;]<\/p>\n","protected":false},"author":2,"featured_media":3994,"comment_status":"open","ping_status":"open","sticky":false,"template":"","format":"standard","meta":{"footnotes":""},"categories":[10,11],"tags":[1190,1354,135],"class_list":["post-3993","post","type-post","status-publish","format-standard","has-post-thumbnail","hentry","category-nacionales","category-politica","tag-jubilados","tag-nancy-ballejos","tag-pro"],"_links":{"self":[{"href":"https:\/\/impactodenoticias.com.ar\/index.php?rest_route=\/wp\/v2\/posts\/3993","targetHints":{"allow":["GET"]}}],"collection":[{"href":"https:\/\/impactodenoticias.com.ar\/index.php?rest_route=\/wp\/v2\/posts"}],"about":[{"href":"https:\/\/impactodenoticias.com.ar\/index.php?rest_route=\/wp\/v2\/types\/post"}],"author":[{"embeddable":true,"href":"https:\/\/impactodenoticias.com.ar\/index.php?rest_route=\/wp\/v2\/users\/2"}],"replies":[{"embeddable":true,"href":"https:\/\/impactodenoticias.com.ar\/index.php?rest_route=%2Fwp%2Fv2%2Fcomments&post=3993"}],"version-history":[{"count":1,"href":"https:\/\/impactodenoticias.com.ar\/index.php?rest_route=\/wp\/v2\/posts\/3993\/revisions"}],"predecessor-version":[{"id":3995,"href":"https:\/\/impactodenoticias.com.ar\/index.php?rest_route=\/wp\/v2\/posts\/3993\/revisions\/3995"}],"wp:featuredmedia":[{"embeddable":true,"href":"https:\/\/impactodenoticias.com.ar\/index.php?rest_route=\/wp\/v2\/media\/3994"}],"wp:attachment":[{"href":"https:\/\/impactodenoticias.com.ar\/index.php?rest_route=%2Fwp%2Fv2%2Fmedia&parent=3993"}],"wp:term":[{"taxonomy":"category","embeddable":true,"href":"https:\/\/impactodenoticias.com.ar\/index.php?rest_route=%2Fwp%2Fv2%2Fcategories&post=3993"},{"taxonomy":"post_tag","embeddable":true,"href":"https:\/\/impactodenoticias.com.ar\/index.php?rest_route=%2Fwp%2Fv2%2Ftags&post=3993"}],"curies":[{"name":"wp","href":"https:\/\/api.w.org\/{rel}","templated":true}]}}