{"id":4041,"date":"2024-09-13T19:28:26","date_gmt":"2024-09-13T22:28:26","guid":{"rendered":"https:\/\/impactodenoticias.com.ar\/?p=4041"},"modified":"2024-09-14T10:19:28","modified_gmt":"2024-09-14T13:19:28","slug":"el-plenario-de-ate-insto-a-defender-la-caja-de-jubilaciones-y-pidio-la-apertura-de-paritarias","status":"publish","type":"post","link":"https:\/\/impactodenoticias.com.ar\/?p=4041","title":{"rendered":"El plenario de ATE inst\u00f3 a defender la Caja de Jubilaciones y pidi\u00f3 la apertura de paritarias"},"content":{"rendered":"\n<p><strong>El secretario General de la Asociaci\u00f3n de los Trabajadores del Estado (ATE), Oscar Muntes, manifest\u00f3: \u201cNecesitamos unificar fuerzas, organizar resistencia y una gran marcha unitaria en defensa del Sistema Previsional de la provincia\u201d.<\/strong><\/p>\n\n\n\n<p>Este viernes por la ma\u00f1ana en la sede de ATE en Parana, se llev\u00f3 a cabo un plenario provincial de Secretarios Generales y el Consejo Directivo del gremio en el cual<\/p>\n\n\n\n<p>Se trataron problem\u00e1ticas actuales del sector. Entre ellas la reforma de la Caja de Jubilaciones y la apertura de paritarias. \u201cPara que no nos suceda lo que pas\u00f3 en Santa Fe\u201d, se\u00f1alaron.<\/p>\n\n\n\n<p>En este contexto Muntes indic\u00f3 que el Consejo llev\u00f3 a cabo un informe completo sobre la situaci\u00f3n de la Caja de Jubilaciones, subray\u00f3 la importancia de continuar trabajando con la intersindical y adem\u00e1s destac\u00f3 la necesidad de \u201cplantear un esquema en conjunto de resistencia para que no nos suceda lo que pas\u00f3 en Buenos Aires con el veto y en Santa Fe donde votaron otra reforma previsional en contra de los trabajadores\u201d.<\/p>\n\n\n\n<p>\u201cNecesitamos unificar fuerzas, organizar resistencia y una gran marcha unitaria en defensa del Sistema Previsional de la provincia\u201d, anunci\u00f3 el titular de ATE, expres\u00f3 que a\u00fan no hay una fecha confirmada pero afirm\u00f3 que deber\u00eda hacerse lo m\u00e1s antes posible e intentar\u00e1 unir a todos los sectores.<\/p>\n\n\n\n<p><strong>Sobre la recomposici\u00f3n salarial<\/strong><\/p>\n\n\n\n<p>De cara a las paritarias para los trabajadores del Estado, Muntes asever\u00f3 que a\u00fan no hay fecha y calific\u00f3 a la discusi\u00f3n salarial como una urgencia.<\/p>\n\n\n\n<p>Y agreg\u00f3: \u201cEsperemos que no pase lo mismo que en el \u00faltimo encuentro paritario que nos convocaron un d\u00eda antes del cierre de liquidaci\u00f3n y no hay propuesta salarial si no es discutida con los trabajadores\u201d.<\/p>\n\n\n\n<p>El secretario General hizo referencia a las exigencias paritarias del sector: \u201cLa recuperaci\u00f3n del poder adquisitivo desde noviembre del 2023 y durante el primer semestre del a\u00f1o, c\u00f3mo seguimos trabajando con los pases a planta permanente y estabilidad laboral y de qu\u00e9 manera proyectamos el \u00faltimo trimestre del a\u00f1o para poder recomponer el salario\u201d.<\/p>\n\n\n\n<p>Finalizando, se\u00f1al\u00f3 que el 85% de los trabajadores a los que representa ATE no llegan a la suma m\u00ednima para no ser pobres en Argentina.<\/p>\n","protected":false},"excerpt":{"rendered":"<p>El secretario General de la Asociaci&oacute;n de los Trabajadores del Estado (ATE), Oscar Muntes, manifest&oacute;: &ldquo;Necesitamos unificar fuerzas, organizar resistencia y una gran marcha unitaria en defensa del Sistema Previsional de la provincia&rdquo;. Este viernes por la ma&ntilde;ana en la sede de ATE en Parana, se llev&oacute; a cabo un plenario provincial de Secretarios Generales [&hellip;]<\/p>\n","protected":false},"author":2,"featured_media":4043,"comment_status":"open","ping_status":"open","sticky":false,"template":"","format":"standard","meta":{"footnotes":""},"categories":[91,4],"tags":[103,62,1376,95],"class_list":["post-4041","post","type-post","status-publish","format-standard","has-post-thumbnail","hentry","category-gremiales","category-provinciales","tag-ate","tag-caja-jubilaciones","tag-oscar-muntes","tag-parana"],"_links":{"self":[{"href":"https:\/\/impactodenoticias.com.ar\/index.php?rest_route=\/wp\/v2\/posts\/4041","targetHints":{"allow":["GET"]}}],"collection":[{"href":"https:\/\/impactodenoticias.com.ar\/index.php?rest_route=\/wp\/v2\/posts"}],"about":[{"href":"https:\/\/impactodenoticias.com.ar\/index.php?rest_route=\/wp\/v2\/types\/post"}],"author":[{"embeddable":true,"href":"https:\/\/impactodenoticias.com.ar\/index.php?rest_route=\/wp\/v2\/users\/2"}],"replies":[{"embeddable":true,"href":"https:\/\/impactodenoticias.com.ar\/index.php?rest_route=%2Fwp%2Fv2%2Fcomments&post=4041"}],"version-history":[{"count":1,"href":"https:\/\/impactodenoticias.com.ar\/index.php?rest_route=\/wp\/v2\/posts\/4041\/revisions"}],"predecessor-version":[{"id":4044,"href":"https:\/\/impactodenoticias.com.ar\/index.php?rest_route=\/wp\/v2\/posts\/4041\/revisions\/4044"}],"wp:featuredmedia":[{"embeddable":true,"href":"https:\/\/impactodenoticias.com.ar\/index.php?rest_route=\/wp\/v2\/media\/4043"}],"wp:attachment":[{"href":"https:\/\/impactodenoticias.com.ar\/index.php?rest_route=%2Fwp%2Fv2%2Fmedia&parent=4041"}],"wp:term":[{"taxonomy":"category","embeddable":true,"href":"https:\/\/impactodenoticias.com.ar\/index.php?rest_route=%2Fwp%2Fv2%2Fcategories&post=4041"},{"taxonomy":"post_tag","embeddable":true,"href":"https:\/\/impactodenoticias.com.ar\/index.php?rest_route=%2Fwp%2Fv2%2Ftags&post=4041"}],"curies":[{"name":"wp","href":"https:\/\/api.w.org\/{rel}","templated":true}]}}