{"id":4045,"date":"2024-09-13T20:54:34","date_gmt":"2024-09-13T23:54:34","guid":{"rendered":"https:\/\/impactodenoticias.com.ar\/?p=4045"},"modified":"2024-09-16T10:49:54","modified_gmt":"2024-09-16T13:49:54","slug":"ucr-el-radicalismo-es-un-partido-intrusado-por-ideologias-y-practicas-extranas-expreso-ragliotto","status":"publish","type":"post","link":"https:\/\/impactodenoticias.com.ar\/?p=4045","title":{"rendered":"UCR: \u201cel radicalismo es un partido intrusado por ideolog\u00edas y pr\u00e1cticas extra\u00f1as\u201d, expres\u00f3 Ragliotto"},"content":{"rendered":"\n<p><strong>El dirigente de la Uni\u00f3n C\u00edvica Radical (UCR) Rub\u00e9n Pagliotto, participante de UCR Activa Entre R\u00edos, fue muy cr\u00edtico por el alineamiento del partido con PRO y La Libertad Avanza.<\/strong><\/p>\n\n\n\n<p>El abogado y dirigente de la Uni\u00f3n C\u00edvica Radical (UCR), que milita en la l\u00ednea interna UCR Activa Entre R\u00edos, Rub\u00e9n Pagliotto, manifest\u00f3 que \u00abhoy el radicalismo es un partido intrusado por ideolog\u00edas y pr\u00e1cticas extra\u00f1as. Nosotros no tenemos nada que ver con el partido vecinalista de CABA que se llama PRO, y menos a\u00fan con la La Libertad Avanza (LLA)\u00bb.<\/p>\n\n\n\n<p>Pagliotto, cuestion\u00f3 que el PRO y la LLA \u00abest\u00e1n casi al borde de sellar una alianza formal y votan juntos el 90 \u00f3 el 95 por ciento de leyes que env\u00eda el Ejecutivo y lo peor de todo esto es que hay un grupo de radicales que tambi\u00e9n adhiere a esos proyectos\u00bb.<\/p>\n\n\n\n<p>El dirigente indic\u00f3 que hay una UCR \u00ababsolutamente subordinada al PRO y obediente con la LLA, y en Entre R\u00edos un radicalismo inexistente y subordinado a los caprichos personales de Frigerio en una Argentina donde hay una cierta resignaci\u00f3n, donde la gente le sigue dando tiempo a Milei, y yo no veo que la UCR tenga un futuro muy promisorio\u00bb.<\/p>\n\n\n\n<p>Pagliotto inst\u00f3 a un reordenamiento del radicalismo y se\u00f1al\u00f3 que la situaci\u00f3n pasa m\u00e1s por \u00abcuestiones ideol\u00f3gicas y de principios\u00bb. Cuestion\u00f3 que \u00abfalta liderazgo\u00bb, y record\u00f3 al dos veces gobernador, Sergio Montiel.<\/p>\n\n\n\n<p>Finalizando, expres\u00f3 que \u00abhoy la salida de los partidos no es individual y es necesario hacer gestiones, la idea es que exista una coalici\u00f3n de gobierno, me parece que esto posibilitar\u00eda gobiernos con gobernabilidad y que la UCR vuelva a ser alternativa de gobierno\u00bb.<\/p>\n","protected":false},"excerpt":{"rendered":"<p>El dirigente de la Uni&oacute;n C&iacute;vica Radical (UCR) Rub&eacute;n Pagliotto, participante de UCR Activa Entre R&iacute;os, fue muy cr&iacute;tico por el alineamiento del partido con PRO y La Libertad Avanza. El abogado y dirigente de la Uni&oacute;n C&iacute;vica Radical (UCR), que milita en la l&iacute;nea interna UCR Activa Entre R&iacute;os, Rub&eacute;n Pagliotto, manifest&oacute; que &laquo;hoy [&hellip;]<\/p>\n","protected":false},"author":2,"featured_media":4046,"comment_status":"open","ping_status":"open","sticky":false,"template":"","format":"standard","meta":{"footnotes":""},"categories":[11,4],"tags":[212,1862,39,449,216],"class_list":["post-4045","post","type-post","status-publish","format-standard","has-post-thumbnail","hentry","category-politica","category-provinciales","tag-javier-milei","tag-lla","tag-rogelio-frigerio","tag-ruben-pagliotto","tag-ucr"],"_links":{"self":[{"href":"https:\/\/impactodenoticias.com.ar\/index.php?rest_route=\/wp\/v2\/posts\/4045","targetHints":{"allow":["GET"]}}],"collection":[{"href":"https:\/\/impactodenoticias.com.ar\/index.php?rest_route=\/wp\/v2\/posts"}],"about":[{"href":"https:\/\/impactodenoticias.com.ar\/index.php?rest_route=\/wp\/v2\/types\/post"}],"author":[{"embeddable":true,"href":"https:\/\/impactodenoticias.com.ar\/index.php?rest_route=\/wp\/v2\/users\/2"}],"replies":[{"embeddable":true,"href":"https:\/\/impactodenoticias.com.ar\/index.php?rest_route=%2Fwp%2Fv2%2Fcomments&post=4045"}],"version-history":[{"count":1,"href":"https:\/\/impactodenoticias.com.ar\/index.php?rest_route=\/wp\/v2\/posts\/4045\/revisions"}],"predecessor-version":[{"id":4047,"href":"https:\/\/impactodenoticias.com.ar\/index.php?rest_route=\/wp\/v2\/posts\/4045\/revisions\/4047"}],"wp:featuredmedia":[{"embeddable":true,"href":"https:\/\/impactodenoticias.com.ar\/index.php?rest_route=\/wp\/v2\/media\/4046"}],"wp:attachment":[{"href":"https:\/\/impactodenoticias.com.ar\/index.php?rest_route=%2Fwp%2Fv2%2Fmedia&parent=4045"}],"wp:term":[{"taxonomy":"category","embeddable":true,"href":"https:\/\/impactodenoticias.com.ar\/index.php?rest_route=%2Fwp%2Fv2%2Fcategories&post=4045"},{"taxonomy":"post_tag","embeddable":true,"href":"https:\/\/impactodenoticias.com.ar\/index.php?rest_route=%2Fwp%2Fv2%2Ftags&post=4045"}],"curies":[{"name":"wp","href":"https:\/\/api.w.org\/{rel}","templated":true}]}}