{"id":4057,"date":"2024-09-14T09:28:12","date_gmt":"2024-09-14T12:28:12","guid":{"rendered":"https:\/\/impactodenoticias.com.ar\/?p=4057"},"modified":"2024-09-14T09:33:35","modified_gmt":"2024-09-14T12:33:35","slug":"se-produjo-un-incendio-en-una-fabrica-ubicada-en-el-parque-industrial-de-concordia","status":"publish","type":"post","link":"https:\/\/impactodenoticias.com.ar\/?p=4057","title":{"rendered":"Se produjo un incendio en una f\u00e1brica ubicada en el Parque Industrial de Concordia"},"content":{"rendered":"\n<p><strong>El siniestro se produjo en una f\u00e1brica de jugos. Dos dotaciones de Bomberos, una de Zapadores y otra de Voluntarios, acudieron al lugar y sofocaron el fuego tras varias horas de trabajo.<\/strong><\/p>\n\n\n\n<p>Una f\u00e1brica ubicada en el Parque Industrial de Concordia fue afectada por un incendio, el siniestro sucedi\u00f3 este viernes por la tarde.<\/p>\n\n\n\n<p><\/p>\n\n\n\n<figure class=\"wp-block-image size-full\"><img loading=\"lazy\" decoding=\"async\" width=\"768\" height=\"512\" src=\"https:\/\/impactodenoticias.com.ar\/wp-content\/uploads\/2024\/09\/r_1726266126.jpg\" alt=\"\" class=\"wp-image-4058\" srcset=\"https:\/\/impactodenoticias.com.ar\/wp-content\/uploads\/2024\/09\/r_1726266126.jpg 768w, https:\/\/impactodenoticias.com.ar\/wp-content\/uploads\/2024\/09\/r_1726266126-300x200.jpg 300w\" sizes=\"auto, (max-width: 768px) 100vw, 768px\" \/><\/figure>\n\n\n\n<p><\/p>\n\n\n\n<p>Seg\u00fan informaron fuentes oficiales, alrededor de las 18 de este viernes se produjo un incendio en las instalaciones de una f\u00e1brica ubicada en el Parque Industrial de Concordia.<\/p>\n\n\n\n<p>El fuego se habr\u00eda originado en una c\u00e1mara frigor\u00edfica que pertenece a la empresa Zumo Natural S.A. que elabora jugos naturales de naranja, pomelo, manzana y ar\u00e1ndanos.<\/p>\n\n\n\n<p>Dos dotaciones de Bomberos, una de Zapadores y otra de Voluntarios, acudieron al lugar y lograron controlar el incendio, tras varias horas de arduas tareas.<\/p>\n","protected":false},"excerpt":{"rendered":"<p>El siniestro se produjo en una f&aacute;brica de jugos. Dos dotaciones de Bomberos, una de Zapadores y otra de Voluntarios, acudieron al lugar y sofocaron el fuego tras varias horas de trabajo. Una f&aacute;brica ubicada en el Parque Industrial de Concordia fue afectada por un incendio, el siniestro sucedi&oacute; este viernes por la tarde. Seg&uacute;n [&hellip;]<\/p>\n","protected":false},"author":2,"featured_media":4059,"comment_status":"open","ping_status":"open","sticky":false,"template":"","format":"standard","meta":{"footnotes":""},"categories":[8,4],"tags":[72,1229,227,321],"class_list":["post-4057","post","type-post","status-publish","format-standard","has-post-thumbnail","hentry","category-policiales","category-provinciales","tag-concordia","tag-empresa","tag-incendio","tag-parque-industrial"],"_links":{"self":[{"href":"https:\/\/impactodenoticias.com.ar\/index.php?rest_route=\/wp\/v2\/posts\/4057","targetHints":{"allow":["GET"]}}],"collection":[{"href":"https:\/\/impactodenoticias.com.ar\/index.php?rest_route=\/wp\/v2\/posts"}],"about":[{"href":"https:\/\/impactodenoticias.com.ar\/index.php?rest_route=\/wp\/v2\/types\/post"}],"author":[{"embeddable":true,"href":"https:\/\/impactodenoticias.com.ar\/index.php?rest_route=\/wp\/v2\/users\/2"}],"replies":[{"embeddable":true,"href":"https:\/\/impactodenoticias.com.ar\/index.php?rest_route=%2Fwp%2Fv2%2Fcomments&post=4057"}],"version-history":[{"count":2,"href":"https:\/\/impactodenoticias.com.ar\/index.php?rest_route=\/wp\/v2\/posts\/4057\/revisions"}],"predecessor-version":[{"id":4061,"href":"https:\/\/impactodenoticias.com.ar\/index.php?rest_route=\/wp\/v2\/posts\/4057\/revisions\/4061"}],"wp:featuredmedia":[{"embeddable":true,"href":"https:\/\/impactodenoticias.com.ar\/index.php?rest_route=\/wp\/v2\/media\/4059"}],"wp:attachment":[{"href":"https:\/\/impactodenoticias.com.ar\/index.php?rest_route=%2Fwp%2Fv2%2Fmedia&parent=4057"}],"wp:term":[{"taxonomy":"category","embeddable":true,"href":"https:\/\/impactodenoticias.com.ar\/index.php?rest_route=%2Fwp%2Fv2%2Fcategories&post=4057"},{"taxonomy":"post_tag","embeddable":true,"href":"https:\/\/impactodenoticias.com.ar\/index.php?rest_route=%2Fwp%2Fv2%2Ftags&post=4057"}],"curies":[{"name":"wp","href":"https:\/\/api.w.org\/{rel}","templated":true}]}}