{"id":4069,"date":"2024-09-14T09:59:37","date_gmt":"2024-09-14T12:59:37","guid":{"rendered":"https:\/\/impactodenoticias.com.ar\/?p=4069"},"modified":"2024-09-16T10:49:32","modified_gmt":"2024-09-16T13:49:32","slug":"se-cumplen-cien-dias-de-la-desaparicion-de-enrique-fabiani-en-entre-rios","status":"publish","type":"post","link":"https:\/\/impactodenoticias.com.ar\/?p=4069","title":{"rendered":"Se cumplen cien d\u00edas de la desaparici\u00f3n de Enrique Fabiani en Entre R\u00edos"},"content":{"rendered":"\n<p><strong>El santafesino, Enrique H\u00e9ctor Fabiani desapareci\u00f3 el 5 de junio cuando hab\u00eda ido a cazar a un campo en el departamento Villaguay. Se realiz\u00f3 un careo entre familiares y supuestos acusados.<\/strong><\/p>\n\n\n\n<p>Enrique Fabiani, es un jubilado de 74 a\u00f1os de quien se busca conocer su paradero desde el pasado 5 de junio cuando fue a un campo en el departamento Villaguay para cazar junto a unos amigos y un hijo y no se supo nada m\u00e1s de \u00e9l. Al cumplirse 100 d\u00edas de su desaparici\u00f3n, su familia aun lo sigue buscando y esperando que tener respuestas por parte de la justicia.<\/p>\n\n\n\n<p>Se realiz\u00f3 un careo entre los familiares de Fabiani y los supuestos acusados del caso. Sobre esta medida, la hija del jubilado santafesino, Melisa Fabiani se\u00f1al\u00f3 que \u201cal careo \u00edbamos tres personas, el amigo de mi pap\u00e1, mi marido y yo. En un momento, el amigo de mi pap\u00e1, Daniel, le habla a uno de los polic\u00edas sospechados por el cartucho encontrado en los rastrillajes y el efectivo miente al decir que no me mostr\u00f3 ning\u00fan cartucho. Quedamos helados, no me sal\u00eda ni una palabra\u201d, cont\u00f3.<\/p>\n\n\n\n<p>Y agreg\u00f3 que cuando la llamaron para iniciar el careo fue con la foto del cartucho que fue encontrado el 19 de junio \u201cy all\u00ed es cuando el amigo de mi pap\u00e1, le muestra el cartucho al polic\u00eda y se lo compara con mi foto\u201d.<\/p>\n\n\n\n<p>Se\u00f1al\u00f3 adem\u00e1s que \u201cel 20 de junio, el amigo agarra los dos cartuchos con la mano, se los compara, me los muestra, pero en la declaraci\u00f3n, el polic\u00eda dice que nunca manipul\u00f3 el cartucho con la mano. \u00c9l con un tup\u00e9 ment\u00eda, con una frialdad, obviamente no me miraba a los ojos\u201d.<\/p>\n\n\n\n<p>Terminado el careo, Melisa sali\u00f3 de la sala y se larg\u00f3 a llorar \u201cporque no pod\u00eda creer la crueldad de las personas\u201d.<\/p>\n\n\n\n<p>Por otro lado, la hija de Fabiani manifest\u00f3 que \u201cfue muy bueno, cuando declararon los cuatro maquinistas\u201d ya que cuando uno declaraba, los otros tres estaban bajo custodia en un lugar apartado para no escuchar lo que se expon\u00eda.<\/p>\n\n\n\n<p>\u201cAunque cuando lleg\u00f3 la parte del se\u00f1or Julio Lodi y su esposa Mar\u00eda Trebiz\u00e1n, Lodi se adelant\u00f3 a esto y ya hab\u00eda acordado con la mujer lo que deb\u00edan decir, entonces, cuando lleg\u00f3 la parte de reconstruir por parte de ella, dijo todo lo mismo que el marido\u201d, apunt\u00f3 Melisa.<\/p>\n\n\n\n<p><strong>Nuevo pedido de b\u00fasqueda<\/strong><\/p>\n\n\n\n<p>Tras estas declaraciones, la hija de Fabiani dialog\u00f3 con Horacio Blas\u00f3n, subdirector de Investigaciones de la Polic\u00eda de Entre R\u00edos, para llevar a cabo una investigaci\u00f3n m\u00e1s extensa e ir por el otro lado del r\u00edo.<\/p>\n\n\n\n<p>Sobre los d\u00edas que han pasado y la esperanza de encontrar a su padre, Melisa dijo que \u00ablo humano me decepcion\u00f3 mucho y me sigue decepcionando, como digo, el sistema es un desastre. No puedo creer que haya sido todo tan perfecto, no puedo creer que no haya un error, porque yo sostengo que, si a mi pap\u00e1 le pas\u00f3 algo malo, fue un accidente\u201d.<\/p>\n\n\n\n<p>Finalizando, indic\u00f3 que se est\u00e1 aferrando \u201cm\u00e1s a la fe que a lo humano, porque lo humano me decepcion\u00f3 mucho, y lamento que haya personas que tengan que seguir pasando por esto, porque el sistema es deplorable\u201d.<\/p>\n","protected":false},"excerpt":{"rendered":"<p>El santafesino, Enrique H&eacute;ctor Fabiani desapareci&oacute; el 5 de junio cuando hab&iacute;a ido a cazar a un campo en el departamento Villaguay. Se realiz&oacute; un careo entre familiares y supuestos acusados. Enrique Fabiani, es un jubilado de 74 a&ntilde;os de quien se busca conocer su paradero desde el pasado 5 de junio cuando fue a [&hellip;]<\/p>\n","protected":false},"author":2,"featured_media":4070,"comment_status":"open","ping_status":"open","sticky":false,"template":"","format":"standard","meta":{"footnotes":""},"categories":[90,8,4],"tags":[251,1866,305,78,55],"class_list":["post-4069","post","type-post","status-publish","format-standard","has-post-thumbnail","hentry","category-judicial","category-policiales","category-provinciales","tag-busqueda","tag-careo","tag-enrique-fabiani","tag-santa-fe","tag-villaguay"],"_links":{"self":[{"href":"https:\/\/impactodenoticias.com.ar\/index.php?rest_route=\/wp\/v2\/posts\/4069","targetHints":{"allow":["GET"]}}],"collection":[{"href":"https:\/\/impactodenoticias.com.ar\/index.php?rest_route=\/wp\/v2\/posts"}],"about":[{"href":"https:\/\/impactodenoticias.com.ar\/index.php?rest_route=\/wp\/v2\/types\/post"}],"author":[{"embeddable":true,"href":"https:\/\/impactodenoticias.com.ar\/index.php?rest_route=\/wp\/v2\/users\/2"}],"replies":[{"embeddable":true,"href":"https:\/\/impactodenoticias.com.ar\/index.php?rest_route=%2Fwp%2Fv2%2Fcomments&post=4069"}],"version-history":[{"count":1,"href":"https:\/\/impactodenoticias.com.ar\/index.php?rest_route=\/wp\/v2\/posts\/4069\/revisions"}],"predecessor-version":[{"id":4071,"href":"https:\/\/impactodenoticias.com.ar\/index.php?rest_route=\/wp\/v2\/posts\/4069\/revisions\/4071"}],"wp:featuredmedia":[{"embeddable":true,"href":"https:\/\/impactodenoticias.com.ar\/index.php?rest_route=\/wp\/v2\/media\/4070"}],"wp:attachment":[{"href":"https:\/\/impactodenoticias.com.ar\/index.php?rest_route=%2Fwp%2Fv2%2Fmedia&parent=4069"}],"wp:term":[{"taxonomy":"category","embeddable":true,"href":"https:\/\/impactodenoticias.com.ar\/index.php?rest_route=%2Fwp%2Fv2%2Fcategories&post=4069"},{"taxonomy":"post_tag","embeddable":true,"href":"https:\/\/impactodenoticias.com.ar\/index.php?rest_route=%2Fwp%2Fv2%2Ftags&post=4069"}],"curies":[{"name":"wp","href":"https:\/\/api.w.org\/{rel}","templated":true}]}}