{"id":4076,"date":"2024-09-14T18:25:34","date_gmt":"2024-09-14T21:25:34","guid":{"rendered":"https:\/\/impactodenoticias.com.ar\/?p=4076"},"modified":"2024-09-14T18:25:34","modified_gmt":"2024-09-14T21:25:34","slug":"fallecio-un-joven-trabajador-tras-sufrir-un-accidente-laboral-en-chajari","status":"publish","type":"post","link":"https:\/\/impactodenoticias.com.ar\/?p=4076","title":{"rendered":"Falleci\u00f3 un joven trabajador tras sufrir un accidente laboral en Chajar\u00ed"},"content":{"rendered":"\n<h3 class=\"wp-block-heading\">La v\u00edctima fatal es un joven de 27 a\u00f1os, quien sufri\u00f3 un accidente laboral. Trabajaron los bomberos luego de una fuerte explosi\u00f3n.<\/h3>\n\n\n\n<p>Un joven trabajador muri\u00f3 este s\u00e1bado por un accidente laboral en Chajar\u00ed. El lamentable hecho se produjo en la zona del Parque Industrial, cerca de las 14:50.<\/p>\n\n\n\n<p>La Polic\u00eda intervino tras un llamado telef\u00f3nico a la Sala de Comando donde informaban que en el lugar se hab\u00eda producido una explosi\u00f3n en un tanque subterr\u00e1neo y hab\u00eda personas lesionadas.<\/p>\n\n\n\n<p>Una vez en el lugar, se constat\u00f3 la presencia de una persona fallecida, quien se encontraba realizando refacciones en el lugar junto a dos personas m\u00e1s que resultaron heridas.<\/p>\n\n\n\n<p>Seg\u00fan precisaron, en el momento que se encontraba soldando se produjo una explosi\u00f3n que le provoc\u00f3 la muerte en el acto.<\/p>\n\n\n\n<p>La v\u00edctima fatal es un joven trabajador de 27 a\u00f1os, oriundo de Paso Libres, provincia de Corrientes.<\/p>\n\n\n\n<p>La explosi\u00f3n se habr\u00eda producido debido a la acumulaci\u00f3n de gases en el tanque que se encontraba en reparaci\u00f3n.<\/p>\n\n\n\n<p>Se dio intervenci\u00f3n a los bomberos voluntarios, ambulancia, al Fiscal en Turno, m\u00e9dico policial y gabinete criminal\u00edstico, precisaron fuentes policiales.<\/p>\n","protected":false},"excerpt":{"rendered":"<p>La v&iacute;ctima fatal es un joven de 27 a&ntilde;os, quien sufri&oacute; un accidente laboral. Trabajaron los bomberos luego de una fuerte explosi&oacute;n. Un joven trabajador muri&oacute; este s&aacute;bado por un accidente laboral en Chajar&iacute;. El lamentable hecho se produjo en la zona del Parque Industrial, cerca de las 14:50. La Polic&iacute;a intervino tras un llamado [&hellip;]<\/p>\n","protected":false},"author":2,"featured_media":4077,"comment_status":"open","ping_status":"open","sticky":false,"template":"","format":"standard","meta":{"footnotes":""},"categories":[8,4],"tags":[120,211,393,119,137],"class_list":["post-4076","post","type-post","status-publish","format-standard","has-post-thumbnail","hentry","category-policiales","category-provinciales","tag-accidente","tag-chajari","tag-explosion","tag-fatal","tag-joven"],"_links":{"self":[{"href":"https:\/\/impactodenoticias.com.ar\/index.php?rest_route=\/wp\/v2\/posts\/4076","targetHints":{"allow":["GET"]}}],"collection":[{"href":"https:\/\/impactodenoticias.com.ar\/index.php?rest_route=\/wp\/v2\/posts"}],"about":[{"href":"https:\/\/impactodenoticias.com.ar\/index.php?rest_route=\/wp\/v2\/types\/post"}],"author":[{"embeddable":true,"href":"https:\/\/impactodenoticias.com.ar\/index.php?rest_route=\/wp\/v2\/users\/2"}],"replies":[{"embeddable":true,"href":"https:\/\/impactodenoticias.com.ar\/index.php?rest_route=%2Fwp%2Fv2%2Fcomments&post=4076"}],"version-history":[{"count":1,"href":"https:\/\/impactodenoticias.com.ar\/index.php?rest_route=\/wp\/v2\/posts\/4076\/revisions"}],"predecessor-version":[{"id":4078,"href":"https:\/\/impactodenoticias.com.ar\/index.php?rest_route=\/wp\/v2\/posts\/4076\/revisions\/4078"}],"wp:featuredmedia":[{"embeddable":true,"href":"https:\/\/impactodenoticias.com.ar\/index.php?rest_route=\/wp\/v2\/media\/4077"}],"wp:attachment":[{"href":"https:\/\/impactodenoticias.com.ar\/index.php?rest_route=%2Fwp%2Fv2%2Fmedia&parent=4076"}],"wp:term":[{"taxonomy":"category","embeddable":true,"href":"https:\/\/impactodenoticias.com.ar\/index.php?rest_route=%2Fwp%2Fv2%2Fcategories&post=4076"},{"taxonomy":"post_tag","embeddable":true,"href":"https:\/\/impactodenoticias.com.ar\/index.php?rest_route=%2Fwp%2Fv2%2Ftags&post=4076"}],"curies":[{"name":"wp","href":"https:\/\/api.w.org\/{rel}","templated":true}]}}