{"id":4082,"date":"2024-09-15T08:45:19","date_gmt":"2024-09-15T11:45:19","guid":{"rendered":"https:\/\/impactodenoticias.com.ar\/?p=4082"},"modified":"2024-09-15T08:45:19","modified_gmt":"2024-09-15T11:45:19","slug":"clima-en-entre-rios-se-espera-un-domingo-agradable-y-con-temperaturas-maximas-cercanas-a-los-23","status":"publish","type":"post","link":"https:\/\/impactodenoticias.com.ar\/?p=4082","title":{"rendered":"Clima en Entre R\u00edos: se espera un domingo agradable y con temperaturas m\u00e1ximas cercanas a los 23\u00b0"},"content":{"rendered":"\n<p><strong>Se pronostica un d\u00eda con buen clima y ascenso de la temperatura, de acuerdo a la informaci\u00f3n brindada por el Servicio Meteorol\u00f3gico Nacional.<\/strong><\/p>\n\n\n\n<p>Para este domingo, est\u00e1 pronosticada una jornada con incremento de la temperatura y buen tiempo en Paran\u00e1 y alrededores, de acuerdo a la informaci\u00f3n del Servicio Meteorol\u00f3gico Nacional (SMN)<\/p>\n\n\n\n<p>Se espera que la temperatura m\u00e1xima llegue a los 23\u00b0 y la m\u00ednima se ubique en los 5\u00b0C. Adem\u00e1s, se podr\u00edan registrar vientos leves del este rotando al noreste.<\/p>\n\n\n\n<p>Se aguarda que los pr\u00f3ximos d\u00edas contin\u00faen con caracter\u00edsticas primaverales desde el punto de vista de las marcas t\u00e9rmicas. Las temperaturas ir\u00e1n en aumento y el viento norte se har\u00e1 sentir.<\/p>\n\n\n\n<p><\/p>\n\n\n\n<p><strong>Clima en las principales ciudades entrerrianas<\/strong><\/p>\n\n\n\n<p><\/p>\n\n\n\n<figure class=\"wp-block-image size-full\"><img loading=\"lazy\" decoding=\"async\" width=\"679\" height=\"553\" src=\"https:\/\/impactodenoticias.com.ar\/wp-content\/uploads\/2024\/09\/scrnli_15_9_2024_8-43-48.png\" alt=\"\" class=\"wp-image-4083\" srcset=\"https:\/\/impactodenoticias.com.ar\/wp-content\/uploads\/2024\/09\/scrnli_15_9_2024_8-43-48.png 679w, https:\/\/impactodenoticias.com.ar\/wp-content\/uploads\/2024\/09\/scrnli_15_9_2024_8-43-48-300x244.png 300w\" sizes=\"auto, (max-width: 679px) 100vw, 679px\" \/><\/figure>\n\n\n\n<p><\/p>\n\n\n\n<p>El lunes la temperatura m\u00ednima rondar\u00eda los 10 grados y la m\u00e1xima estar\u00eda cercana a los 26 grados. El cielo permanecer\u00e1 algo nublado durante la ma\u00f1ana y despejado en la tarde y noche. El viento soplar\u00e1 en sentido noreste.<\/p>\n\n\n\n<p>Para el martes se espera un leve aumento de temperatura con promedios de 10 grados de m\u00ednima y 27 grados de m\u00e1xima. El cielo permanecer\u00e1 algo nublado durante todo el d\u00eda. Los vientos soplar\u00e1n del noreste.<\/p>\n\n\n\n<p>Y el mi\u00e9rcoles se pronostica un cielo algo nublado durante toda la jornada y temperaturas en el orden de los 13 grados de m\u00ednima promedio y los 22 grados de m\u00e1xima. Los vientos predominar\u00e1n del este.<\/p>\n","protected":false},"excerpt":{"rendered":"<p>Se pronostica un d&iacute;a con buen clima y ascenso de la temperatura, de acuerdo a la informaci&oacute;n brindada por el Servicio Meteorol&oacute;gico Nacional. Para este domingo, est&aacute; pronosticada una jornada con incremento de la temperatura y buen tiempo en Paran&aacute; y alrededores, de acuerdo a la informaci&oacute;n del Servicio Meteorol&oacute;gico Nacional (SMN) Se espera que [&hellip;]<\/p>\n","protected":false},"author":2,"featured_media":4084,"comment_status":"open","ping_status":"open","sticky":false,"template":"","format":"standard","meta":{"footnotes":""},"categories":[4,49],"tags":[38,33],"class_list":["post-4082","post","type-post","status-publish","format-standard","has-post-thumbnail","hentry","category-provinciales","category-sociedad","tag-clima","tag-entre-rios"],"_links":{"self":[{"href":"https:\/\/impactodenoticias.com.ar\/index.php?rest_route=\/wp\/v2\/posts\/4082","targetHints":{"allow":["GET"]}}],"collection":[{"href":"https:\/\/impactodenoticias.com.ar\/index.php?rest_route=\/wp\/v2\/posts"}],"about":[{"href":"https:\/\/impactodenoticias.com.ar\/index.php?rest_route=\/wp\/v2\/types\/post"}],"author":[{"embeddable":true,"href":"https:\/\/impactodenoticias.com.ar\/index.php?rest_route=\/wp\/v2\/users\/2"}],"replies":[{"embeddable":true,"href":"https:\/\/impactodenoticias.com.ar\/index.php?rest_route=%2Fwp%2Fv2%2Fcomments&post=4082"}],"version-history":[{"count":1,"href":"https:\/\/impactodenoticias.com.ar\/index.php?rest_route=\/wp\/v2\/posts\/4082\/revisions"}],"predecessor-version":[{"id":4085,"href":"https:\/\/impactodenoticias.com.ar\/index.php?rest_route=\/wp\/v2\/posts\/4082\/revisions\/4085"}],"wp:featuredmedia":[{"embeddable":true,"href":"https:\/\/impactodenoticias.com.ar\/index.php?rest_route=\/wp\/v2\/media\/4084"}],"wp:attachment":[{"href":"https:\/\/impactodenoticias.com.ar\/index.php?rest_route=%2Fwp%2Fv2%2Fmedia&parent=4082"}],"wp:term":[{"taxonomy":"category","embeddable":true,"href":"https:\/\/impactodenoticias.com.ar\/index.php?rest_route=%2Fwp%2Fv2%2Fcategories&post=4082"},{"taxonomy":"post_tag","embeddable":true,"href":"https:\/\/impactodenoticias.com.ar\/index.php?rest_route=%2Fwp%2Fv2%2Ftags&post=4082"}],"curies":[{"name":"wp","href":"https:\/\/api.w.org\/{rel}","templated":true}]}}