{"id":4086,"date":"2024-09-15T08:53:27","date_gmt":"2024-09-15T11:53:27","guid":{"rendered":"https:\/\/impactodenoticias.com.ar\/?p=4086"},"modified":"2024-09-15T08:53:27","modified_gmt":"2024-09-15T11:53:27","slug":"viale-en-su-intento-por-escapar-de-la-policia-efectuo-un-disparo","status":"publish","type":"post","link":"https:\/\/impactodenoticias.com.ar\/?p=4086","title":{"rendered":"Viale: en su intento por escapar de la Polic\u00eda efectu\u00f3 un disparo"},"content":{"rendered":"\n<p><strong>La Polic\u00eda llev\u00f3 a cabo un allanamiento en una causa de robo. En el lugar se encontraron con un hombre armado. Los familiares intentaron evitar su detenci\u00f3n.<\/strong><\/p>\n\n\n\n<p>El personal de Comisar\u00eda de Viale llev\u00f3 a cabo este viernes por la tarde un allanamiento en una vivienda ubicada en calle Castilla Mira por una causa de robo.<\/p>\n\n\n\n<p>Tras notificar del operativo a la due\u00f1a de la vivienda, observaron a un hombre que sali\u00f3 corriendo para el fondo, motivo por el cual lo persiguieron.<\/p>\n\n\n\n<p>En un momento, al verse acorralado, extrajo un arma de fuego y efectu\u00f3 un disparo al piso, volvi\u00f3 a gatillar, pero el disparo no sali\u00f3.<\/p>\n\n\n\n<p>Los funcionarios policiales aprovecharon para reducirlo y quitarle el arma.<\/p>\n\n\n\n<p>Los familiares intentaron entorpecer el procedimiento pero finalmente lo sacaron de la casa y por disposici\u00f3n del fiscal interviniente fue detenido y trasladado a la Alcaid\u00eda de Tribunales.<\/p>\n\n\n\n<p><\/p>\n\n\n\n<figure class=\"wp-block-image size-full\"><img loading=\"lazy\" decoding=\"async\" width=\"732\" height=\"438\" src=\"https:\/\/impactodenoticias.com.ar\/wp-content\/uploads\/2024\/09\/scrnli_15_9_2024_8-48-06.png\" alt=\"\" class=\"wp-image-4087\" srcset=\"https:\/\/impactodenoticias.com.ar\/wp-content\/uploads\/2024\/09\/scrnli_15_9_2024_8-48-06.png 732w, https:\/\/impactodenoticias.com.ar\/wp-content\/uploads\/2024\/09\/scrnli_15_9_2024_8-48-06-300x180.png 300w\" sizes=\"auto, (max-width: 732px) 100vw, 732px\" \/><\/figure>\n\n\n\n<p><\/p>\n\n\n\n<p>Adem\u00e1s secuestraron el arma de fuego, siendo un rev\u00f3lver calibre 22 largo con 8 cartuchos.<\/p>\n","protected":false},"excerpt":{"rendered":"<p>La Polic&iacute;a llev&oacute; a cabo un allanamiento en una causa de robo. En el lugar se encontraron con un hombre armado. Los familiares intentaron evitar su detenci&oacute;n. El personal de Comisar&iacute;a de Viale llev&oacute; a cabo este viernes por la tarde un allanamiento en una vivienda ubicada en calle Castilla Mira por una causa de [&hellip;]<\/p>\n","protected":false},"author":2,"featured_media":4088,"comment_status":"open","ping_status":"open","sticky":false,"template":"","format":"standard","meta":{"footnotes":""},"categories":[8,4],"tags":[1108,1003,146,1412],"class_list":["post-4086","post","type-post","status-publish","format-standard","has-post-thumbnail","hentry","category-policiales","category-provinciales","tag-arma","tag-detencion","tag-hombre","tag-viale"],"_links":{"self":[{"href":"https:\/\/impactodenoticias.com.ar\/index.php?rest_route=\/wp\/v2\/posts\/4086","targetHints":{"allow":["GET"]}}],"collection":[{"href":"https:\/\/impactodenoticias.com.ar\/index.php?rest_route=\/wp\/v2\/posts"}],"about":[{"href":"https:\/\/impactodenoticias.com.ar\/index.php?rest_route=\/wp\/v2\/types\/post"}],"author":[{"embeddable":true,"href":"https:\/\/impactodenoticias.com.ar\/index.php?rest_route=\/wp\/v2\/users\/2"}],"replies":[{"embeddable":true,"href":"https:\/\/impactodenoticias.com.ar\/index.php?rest_route=%2Fwp%2Fv2%2Fcomments&post=4086"}],"version-history":[{"count":1,"href":"https:\/\/impactodenoticias.com.ar\/index.php?rest_route=\/wp\/v2\/posts\/4086\/revisions"}],"predecessor-version":[{"id":4089,"href":"https:\/\/impactodenoticias.com.ar\/index.php?rest_route=\/wp\/v2\/posts\/4086\/revisions\/4089"}],"wp:featuredmedia":[{"embeddable":true,"href":"https:\/\/impactodenoticias.com.ar\/index.php?rest_route=\/wp\/v2\/media\/4088"}],"wp:attachment":[{"href":"https:\/\/impactodenoticias.com.ar\/index.php?rest_route=%2Fwp%2Fv2%2Fmedia&parent=4086"}],"wp:term":[{"taxonomy":"category","embeddable":true,"href":"https:\/\/impactodenoticias.com.ar\/index.php?rest_route=%2Fwp%2Fv2%2Fcategories&post=4086"},{"taxonomy":"post_tag","embeddable":true,"href":"https:\/\/impactodenoticias.com.ar\/index.php?rest_route=%2Fwp%2Fv2%2Ftags&post=4086"}],"curies":[{"name":"wp","href":"https:\/\/api.w.org\/{rel}","templated":true}]}}