{"id":411,"date":"2024-06-25T09:22:46","date_gmt":"2024-06-25T12:22:46","guid":{"rendered":"https:\/\/impactodenoticias.com.ar\/?p=411"},"modified":"2024-06-25T09:22:48","modified_gmt":"2024-06-25T12:22:48","slug":"tiempo-en-entre-rios-el-clima-se-presentara-muy-frio-durante-toda-la-semana","status":"publish","type":"post","link":"https:\/\/impactodenoticias.com.ar\/?p=411","title":{"rendered":"Tiempo en Entre R\u00edos: el clima se presentar\u00e1 muy fr\u00edo durante toda la semana"},"content":{"rendered":"\n<p><strong>Paran\u00e1, La Paz, Villaguay, Nogoy\u00e1, Concordia, San Salvador, Federaci\u00f3n y Feliciano ser\u00e1n los departamentos donde el fr\u00edo se sentir\u00e1 con mas fuerza.<\/strong><\/p>\n\n\n\n<p>Los d\u00edas helados ser\u00e1n moneda corriente durante la \u00faltima semana de junio en la provincia, e iniciar\u00e1 oficialmente el invierno. El clima en Entre R\u00edos variar\u00e1 seg\u00fan la zona y tendr\u00e1 un fuerte descenso de la temperatura hacia el fin de semana.<\/p>\n\n\n\n<p>Desde el pasado viernes comenz\u00f3 el invierno en Argentina, lo que gener\u00f3 durante este domingo un cambio repentino del tiempo. Se alej\u00f3 la humedad y las temperaturas moderadas y las r\u00e1fagas de viento del sector sur trajeron mucho fr\u00edo el domingo.<\/p>\n\n\n\n<p>El Servicio Meteorol\u00f3gico Nacional (SMN) inform\u00f3 durante su \u00faltimo reporte c\u00f3mo se presentar\u00e1 el clima en la provincia de Entre R\u00edos durante la semana.<\/p>\n\n\n\n<p>Paran\u00e1, La Paz, Villaguay, Nogoy\u00e1, Concordia, San Salvador, Federaci\u00f3n y Feliciano son algunos de los departamentos que tendr\u00e1n registros t\u00e9rmicos mucho m\u00e1s bajas de lo previsto para el retorno a la actividad laboral y escolar. El pr\u00f3ximo lunes la m\u00ednima se estacionar\u00e1 en siete grados en esos departamentos, aunque se espera que se eleve a los 14\u00baC en horas de la tarde. Se espera adem\u00e1s vientos del sector sur, que podr\u00edan llegar a los 22 kil\u00f3metros por hora. Ya hacia el martes, el fr\u00edo ser\u00e1 a\u00fan m\u00e1s extenso y la m\u00ednima llegar\u00e1 a los 6\u00baC, donde los vientos que llegar\u00e1n a la capital entrerriana y alrededores ser\u00e1n del sureste, a 22 km\/h. Hacia la noche, cuando se aguarda que la temperatura vuelva a ser la misma que en la madrugada, se prev\u00e9n leves probabilidades de chaparrones y precipitaciones.<\/p>\n\n\n\n<p>Mi\u00e9rcoles y jueves ser\u00e1n los d\u00edas en los que el sol volver\u00e1 se podr\u00e1 volver a observar en el cielo entrerriano, aunque seguir\u00e1 acompa\u00f1ado por algunas nubes durante todo el d\u00eda. El tercer d\u00eda de la semana ser\u00e1 el m\u00e1s fr\u00edo, con m\u00ednima de 5\u00baC y una m\u00e1xima que se elevar\u00e1 a los 15\u00baC. Ya hacia el jueves, recuperar\u00e1 de a poco el clima agradable y se espera que se arribe a los 20 grados cent\u00edgrados. Para el fin de semana, sin embargo se espera que de a poco volver\u00eda a producirse otro brusco descenso de temperatura de un d\u00edgito, con temperaturas m\u00e1ximas que no superar\u00edan los 12\u00baC.<\/p>\n","protected":false},"excerpt":{"rendered":"<p>Paran&aacute;, La Paz, Villaguay, Nogoy&aacute;, Concordia, San Salvador, Federaci&oacute;n y Feliciano ser&aacute;n los departamentos donde el fr&iacute;o se sentir&aacute; con mas fuerza. Los d&iacute;as helados ser&aacute;n moneda corriente durante la &uacute;ltima semana de junio en la provincia, e iniciar&aacute; oficialmente el invierno. El clima en Entre R&iacute;os variar&aacute; seg&uacute;n la zona y tendr&aacute; un fuerte [&hellip;]<\/p>\n","protected":false},"author":2,"featured_media":412,"comment_status":"open","ping_status":"open","sticky":false,"template":"","format":"standard","meta":{"footnotes":""},"categories":[4,49],"tags":[38,33],"class_list":["post-411","post","type-post","status-publish","format-standard","has-post-thumbnail","hentry","category-provinciales","category-sociedad","tag-clima","tag-entre-rios"],"_links":{"self":[{"href":"https:\/\/impactodenoticias.com.ar\/index.php?rest_route=\/wp\/v2\/posts\/411","targetHints":{"allow":["GET"]}}],"collection":[{"href":"https:\/\/impactodenoticias.com.ar\/index.php?rest_route=\/wp\/v2\/posts"}],"about":[{"href":"https:\/\/impactodenoticias.com.ar\/index.php?rest_route=\/wp\/v2\/types\/post"}],"author":[{"embeddable":true,"href":"https:\/\/impactodenoticias.com.ar\/index.php?rest_route=\/wp\/v2\/users\/2"}],"replies":[{"embeddable":true,"href":"https:\/\/impactodenoticias.com.ar\/index.php?rest_route=%2Fwp%2Fv2%2Fcomments&post=411"}],"version-history":[{"count":1,"href":"https:\/\/impactodenoticias.com.ar\/index.php?rest_route=\/wp\/v2\/posts\/411\/revisions"}],"predecessor-version":[{"id":413,"href":"https:\/\/impactodenoticias.com.ar\/index.php?rest_route=\/wp\/v2\/posts\/411\/revisions\/413"}],"wp:featuredmedia":[{"embeddable":true,"href":"https:\/\/impactodenoticias.com.ar\/index.php?rest_route=\/wp\/v2\/media\/412"}],"wp:attachment":[{"href":"https:\/\/impactodenoticias.com.ar\/index.php?rest_route=%2Fwp%2Fv2%2Fmedia&parent=411"}],"wp:term":[{"taxonomy":"category","embeddable":true,"href":"https:\/\/impactodenoticias.com.ar\/index.php?rest_route=%2Fwp%2Fv2%2Fcategories&post=411"},{"taxonomy":"post_tag","embeddable":true,"href":"https:\/\/impactodenoticias.com.ar\/index.php?rest_route=%2Fwp%2Fv2%2Ftags&post=411"}],"curies":[{"name":"wp","href":"https:\/\/api.w.org\/{rel}","templated":true}]}}