{"id":4110,"date":"2024-09-15T13:48:28","date_gmt":"2024-09-15T16:48:28","guid":{"rendered":"https:\/\/impactodenoticias.com.ar\/?p=4110"},"modified":"2024-09-15T13:48:28","modified_gmt":"2024-09-15T16:48:28","slug":"emprendedores-del-rubro-alimentos-podran-acceder-a-financiamiento","status":"publish","type":"post","link":"https:\/\/impactodenoticias.com.ar\/?p=4110","title":{"rendered":"Emprendedores del rubro alimentos podr\u00e1n acceder a financiamiento"},"content":{"rendered":"\n<p><strong>Con el fin de potenciar propuestas que implementen procesos y tecnolog\u00eda para el agregado de valor en la industria alimenticia, el Ministerio de Desarrollo Econ\u00f3mico lanza una convocatoria para j\u00f3venes que deseen obtener una financiaci\u00f3n para sus proyectos.<\/strong><\/p>\n\n\n\n<p>Dicha convocatoria est\u00e1 enmarcada en el programa Entre R\u00edos Emprende Joven, destinado a emprendedores de entre 18 y 40 a\u00f1os residentes en Entre R\u00edos; y tendr\u00e1 un tope de hasta 3 millones de pesos por proyecto. Se incluyen aquellos que trabajen con materias primas como frutos, frutos secos, verduras, miel, carne y leche; dando como resultado nuevos alimentos c\u00e1rnicos y afines, azucarados, productos de origen vegetal, bebidas, l\u00e1cteos y alimentos sin TACC.<\/p>\n\n\n\n<p>El programa est\u00e1 destinado a impulsar el crecimiento y desarrollo de proyectos que se destaquen por implementar procesos y tecnolog\u00edas que transformen materias primas en productos finales con atributos de mayor calidad, innovaci\u00f3n, conveniencia, sabor, nutrici\u00f3n y diferenciaci\u00f3n en el mercado. Con este enfoque de valor agregado, se busca ofrecer a los consumidores productos alimenticios de primera calidad que se destaquen por sobre el resto.<\/p>\n\n\n\n<p><\/p>\n\n\n\n<figure class=\"wp-block-image size-large\"><img loading=\"lazy\" decoding=\"async\" width=\"1024\" height=\"683\" src=\"https:\/\/impactodenoticias.com.ar\/wp-content\/uploads\/2024\/09\/descarga-1024x683.png\" alt=\"\" class=\"wp-image-4111\" srcset=\"https:\/\/impactodenoticias.com.ar\/wp-content\/uploads\/2024\/09\/descarga-1024x683.png 1024w, https:\/\/impactodenoticias.com.ar\/wp-content\/uploads\/2024\/09\/descarga-300x200.png 300w, https:\/\/impactodenoticias.com.ar\/wp-content\/uploads\/2024\/09\/descarga-768x512.png 768w, https:\/\/impactodenoticias.com.ar\/wp-content\/uploads\/2024\/09\/descarga-1536x1024.png 1536w, https:\/\/impactodenoticias.com.ar\/wp-content\/uploads\/2024\/09\/descarga.png 1920w\" sizes=\"auto, (max-width: 1024px) 100vw, 1024px\" \/><\/figure>\n\n\n\n<p><\/p>\n\n\n\n<p>Los candidatos deber\u00e1n demostrar un modelo de negocio viable y escalable y presentar un plan de uso transparente y efectivo de los fondos a solicitar. La fecha l\u00edmite para inscribirse a esta convocatoria es el 30 de septiembre: para acceder al formulario, ingresar al siguiente link: <a href=\"https:\/\/www.entrerios.gov.ar\/desarrolloemprendedor\/frontend\/programa_industria_alimenticia.php\">https:\/\/www.entrerios.gov.ar\/desarrolloemprendedor\/frontend\/programa_industria_alimenticia.php<\/a><\/p>\n","protected":false},"excerpt":{"rendered":"<p>Con el fin de potenciar propuestas que implementen procesos y tecnolog&iacute;a para el agregado de valor en la industria alimenticia, el Ministerio de Desarrollo Econ&oacute;mico lanza una convocatoria para j&oacute;venes que deseen obtener una financiaci&oacute;n para sus proyectos. Dicha convocatoria est&aacute; enmarcada en el programa Entre R&iacute;os Emprende Joven, destinado a emprendedores de entre 18 [&hellip;]<\/p>\n","protected":false},"author":2,"featured_media":4112,"comment_status":"open","ping_status":"open","sticky":false,"template":"","format":"standard","meta":{"footnotes":""},"categories":[4,49],"tags":[1878,33,1879],"class_list":["post-4110","post","type-post","status-publish","format-standard","has-post-thumbnail","hentry","category-provinciales","category-sociedad","tag-emprendedores","tag-entre-rios","tag-financiamiento"],"_links":{"self":[{"href":"https:\/\/impactodenoticias.com.ar\/index.php?rest_route=\/wp\/v2\/posts\/4110","targetHints":{"allow":["GET"]}}],"collection":[{"href":"https:\/\/impactodenoticias.com.ar\/index.php?rest_route=\/wp\/v2\/posts"}],"about":[{"href":"https:\/\/impactodenoticias.com.ar\/index.php?rest_route=\/wp\/v2\/types\/post"}],"author":[{"embeddable":true,"href":"https:\/\/impactodenoticias.com.ar\/index.php?rest_route=\/wp\/v2\/users\/2"}],"replies":[{"embeddable":true,"href":"https:\/\/impactodenoticias.com.ar\/index.php?rest_route=%2Fwp%2Fv2%2Fcomments&post=4110"}],"version-history":[{"count":1,"href":"https:\/\/impactodenoticias.com.ar\/index.php?rest_route=\/wp\/v2\/posts\/4110\/revisions"}],"predecessor-version":[{"id":4113,"href":"https:\/\/impactodenoticias.com.ar\/index.php?rest_route=\/wp\/v2\/posts\/4110\/revisions\/4113"}],"wp:featuredmedia":[{"embeddable":true,"href":"https:\/\/impactodenoticias.com.ar\/index.php?rest_route=\/wp\/v2\/media\/4112"}],"wp:attachment":[{"href":"https:\/\/impactodenoticias.com.ar\/index.php?rest_route=%2Fwp%2Fv2%2Fmedia&parent=4110"}],"wp:term":[{"taxonomy":"category","embeddable":true,"href":"https:\/\/impactodenoticias.com.ar\/index.php?rest_route=%2Fwp%2Fv2%2Fcategories&post=4110"},{"taxonomy":"post_tag","embeddable":true,"href":"https:\/\/impactodenoticias.com.ar\/index.php?rest_route=%2Fwp%2Fv2%2Ftags&post=4110"}],"curies":[{"name":"wp","href":"https:\/\/api.w.org\/{rel}","templated":true}]}}