{"id":4114,"date":"2024-09-15T13:53:06","date_gmt":"2024-09-15T16:53:06","guid":{"rendered":"https:\/\/impactodenoticias.com.ar\/?p=4114"},"modified":"2024-09-15T13:53:11","modified_gmt":"2024-09-15T16:53:11","slug":"se-lleva-a-cabo-en-parana-la-feria-del-centro-una-oportunidad-para-conocer-el-diseno-de-la-region","status":"publish","type":"post","link":"https:\/\/impactodenoticias.com.ar\/?p=4114","title":{"rendered":"Se lleva a cabo en Paran\u00e1 la Feria del Centro, una oportunidad para conocer el dise\u00f1o de la regi\u00f3n"},"content":{"rendered":"\n<h3 class=\"wp-block-heading\">Funcionarios de C\u00f3rdoba, Santa Fe y Entre R\u00edos realizaron este viernes la apertura formal de la Feria de la Regi\u00f3n Centro. La primera jornada cerr\u00f3 con un multitudinario recital de Sig Ragga. La iniciativa se extiende hasta el domingo con entrada libre y gratuita.<\/h3>\n\n\n\n<p>Por la tarde, con una recorrida por las instalaciones, la ministra de Cultura de Santa Fe, Susana Estela Rueda; el secretario de Cultura de Entre R\u00edos, Fabi\u00e1n Reato; el presidente de la Agencia C\u00f3rdoba Cultura, Ra\u00fal Sansica; y la coordinadora Pro T\u00e9mpore del Comit\u00e9 Ejecutivo de la Regi\u00f3n Centro, Claudia Giaccone, dejaron inaugurada la 8va. Feria de la Regi\u00f3n Centro.<\/p>\n\n\n\n<p>Reato, oficiando de anfitri\u00f3n, destac\u00f3 que el evento es organizado por el Ente Regi\u00f3n Centro. \u00abEn la Feria encontrar\u00e1n una amplia variedad de productos pero tambi\u00e9n propuestas. Est\u00e1 todo pensado para que sea un buen paseo para toda la familia y tambi\u00e9n para los j\u00f3venes. La iniciativa es amplia, variada, libre y gratuita\u00bb, dijo el entrerriano.<\/p>\n\n\n\n<p>A su turno, la ministra de Cultura de Santa Fe resalt\u00f3 la incorporaci\u00f3n de la industria editorial. \u00abLa apuesta al dise\u00f1o es muy importante tambi\u00e9n porque es una decisi\u00f3n pol\u00edtica para fortalecernos y para articular pol\u00edticas entre todos\u00bb, expres\u00f3 Rueda.<\/p>\n\n\n\n<p>El presidente de la Agencia C\u00f3rdoba Cultura, Ra\u00fal Sansica, salud\u00f3 en la apertura: \u00abTrabajamos fundamentalmente con los talentos de nuestros artistas que producen durante todo el a\u00f1o para exhibir, para hacer circular sus propuestas y darlas a conocer a la comunidad. Con esto tambi\u00e9n sostenemos que la cultura genera trabajo. Sigamos trabajando en pos del desarrollo y el dise\u00f1o en toda la Regi\u00f3n Centro\u00bb.<\/p>\n\n\n\n<p>Finalmente, Claudia Giaccone, del Ente Regi\u00f3n Centro, valor\u00f3 la regionalizaci\u00f3n. \u00abHemos dado muestra en estos meses de gobierno que tres gobernadores est\u00e1n apostando a articular y generar mecanismos que nos den un proceso integrativo que nos potencie. Hoy la Regi\u00f3n Centro es una marca que tiene una presencia y un posicionamiento nacional\u00bb, finaliz\u00f3 la funcionaria.<\/p>\n\n\n\n<p><strong>Ocho ediciones<\/strong><\/p>\n\n\n\n<p>Para la edici\u00f3n 2024 en Paran\u00e1 se dispuso un importante despliegue en el sector del Centro Provincial de Convenciones (CPC), el Centro Cultural La Vieja Usina y el Instituto Aut\u00e1rquico Audiovisual de Entre R\u00edos (Iaaer).<\/p>\n\n\n\n<p>En la planta alta del CPC se organiz\u00f3 la feria de emprendimientos y objetos de dise\u00f1o, mientras que la sala Ver\u00f3nica Kuttel de La Vieja Usina agrup\u00f3 a la feria editorial -la novedad de esta edici\u00f3n-, y se realizaron presentaciones literarias. La sala de Convenciones aloj\u00f3 una instalaci\u00f3n art\u00edstica y eco desfile. El patio gastron\u00f3mico se dispuso en el trayecto que conecta las instituciones y el escenario principal donde toc\u00f3 la reconocida banda santafesina.<\/p>\n\n\n\n<p><strong>Horarios y propuestas<\/strong><\/p>\n\n\n\n<p>Este s\u00e1bado la feria comienza a partir de las 16, con entrada libre y gratuita. A las 17, est\u00e1 prevista la actuaci\u00f3n de la Banda Liga de los Pueblos Libres. A las 18.30 se presentar\u00e1 un libro. M\u00e1s tarde, la Muestra Eco del olvido, a partir de las 19.<\/p>\n\n\n\n<p>El bloque musical se desarrollar\u00e1 con la presencia de Pato Viganoni y La Aplanadora. Ambos grupos entrerrianos se presentar\u00e1n en el escenario al aire libre a las 20 y 21.30 respectivamente.<\/p>\n\n\n\n<p><strong>Domingo<\/strong><\/p>\n\n\n\n<p>Una sesi\u00f3n de m\u00fasica DJ abrir\u00e1 las actividades del d\u00eda domingo desde las 15, en las barrancas del Centro Provincial de Convenciones. La compositora entrerriana Marcia M\u00fcller se presentar\u00e1 a las 19. El cierre musical de la jornada est\u00e1 programado para las 21.30 con la participaci\u00f3n de Ceibo, una banda de C\u00f3rdoba.<\/p>\n\n\n\n<p><strong>Para las infancias<\/strong><\/p>\n\n\n\n<p>Los organizadores destacaron especialmente una propuesta destinada a las infancias en el marco de la feria. Se trata de un sector de talleres y juegos enfocados en el arte, bienestar y el cuidado del ambiente. Se desarrolla a partir de las 16.30 el s\u00e1bado y 14.30 el domingo.<\/p>\n","protected":false},"excerpt":{"rendered":"<p>Funcionarios de C&oacute;rdoba, Santa Fe y Entre R&iacute;os realizaron este viernes la apertura formal de la Feria de la Regi&oacute;n Centro. La primera jornada cerr&oacute; con un multitudinario recital de Sig Ragga. La iniciativa se extiende hasta el domingo con entrada libre y gratuita. Por la tarde, con una recorrida por las instalaciones, la ministra [&hellip;]<\/p>\n","protected":false},"author":2,"featured_media":4115,"comment_status":"open","ping_status":"open","sticky":false,"template":"","format":"standard","meta":{"footnotes":""},"categories":[3,4,49],"tags":[33,1880,95],"class_list":["post-4114","post","type-post","status-publish","format-standard","has-post-thumbnail","hentry","category-locales","category-provinciales","category-sociedad","tag-entre-rios","tag-feria-del-centro","tag-parana"],"_links":{"self":[{"href":"https:\/\/impactodenoticias.com.ar\/index.php?rest_route=\/wp\/v2\/posts\/4114","targetHints":{"allow":["GET"]}}],"collection":[{"href":"https:\/\/impactodenoticias.com.ar\/index.php?rest_route=\/wp\/v2\/posts"}],"about":[{"href":"https:\/\/impactodenoticias.com.ar\/index.php?rest_route=\/wp\/v2\/types\/post"}],"author":[{"embeddable":true,"href":"https:\/\/impactodenoticias.com.ar\/index.php?rest_route=\/wp\/v2\/users\/2"}],"replies":[{"embeddable":true,"href":"https:\/\/impactodenoticias.com.ar\/index.php?rest_route=%2Fwp%2Fv2%2Fcomments&post=4114"}],"version-history":[{"count":1,"href":"https:\/\/impactodenoticias.com.ar\/index.php?rest_route=\/wp\/v2\/posts\/4114\/revisions"}],"predecessor-version":[{"id":4116,"href":"https:\/\/impactodenoticias.com.ar\/index.php?rest_route=\/wp\/v2\/posts\/4114\/revisions\/4116"}],"wp:featuredmedia":[{"embeddable":true,"href":"https:\/\/impactodenoticias.com.ar\/index.php?rest_route=\/wp\/v2\/media\/4115"}],"wp:attachment":[{"href":"https:\/\/impactodenoticias.com.ar\/index.php?rest_route=%2Fwp%2Fv2%2Fmedia&parent=4114"}],"wp:term":[{"taxonomy":"category","embeddable":true,"href":"https:\/\/impactodenoticias.com.ar\/index.php?rest_route=%2Fwp%2Fv2%2Fcategories&post=4114"},{"taxonomy":"post_tag","embeddable":true,"href":"https:\/\/impactodenoticias.com.ar\/index.php?rest_route=%2Fwp%2Fv2%2Ftags&post=4114"}],"curies":[{"name":"wp","href":"https:\/\/api.w.org\/{rel}","templated":true}]}}