{"id":4118,"date":"2024-09-15T20:34:26","date_gmt":"2024-09-15T23:34:26","guid":{"rendered":"https:\/\/impactodenoticias.com.ar\/?p=4118"},"modified":"2024-09-15T20:34:26","modified_gmt":"2024-09-15T23:34:26","slug":"tragedia-vial-en-entre-rios-regresaban-de-una-fiesta-despistaron-y-una-joven-perdio-la-vida","status":"publish","type":"post","link":"https:\/\/impactodenoticias.com.ar\/?p=4118","title":{"rendered":"Tragedia vial en Entre R\u00edos: regresaban de una fiesta, despistaron y una joven perdi\u00f3 la vida"},"content":{"rendered":"\n<p><strong>Un nuevo accidente vial fatal ocurri\u00f3 en una ruta entrerriana. Falleci\u00f3 una joven oriunda de Galarza tras el protagonizar el despiste de un autom\u00f3vil en el que viajaban nueve personas de regreso de una fiesta.<\/strong><\/p>\n\n\n\n<p>El siniestro vial se produjo este domingo, cerca de las 5:45, sobre Ruta Nacional 12, kil\u00f3metro 283, en cercan\u00edas de Gobernador Mansilla. Un grupo de nueve j\u00f3venes galarce\u00f1os regresaba a su pueblo de una fiesta bailable que se llev\u00f3 a cabo en Mansilla.<\/p>\n\n\n\n<p>Por causas que est\u00e1n siendo investigadas, el conductor, Francisco Choulet, perdi\u00f3 el control del autom\u00f3vil Citro\u00ebn Cactus, modelo C3, que se despist\u00f3 y volc\u00f3 sobre la banquina contraria. Como resultado del hecho falleci\u00f3 la joven Mar\u00eda Sol Correa, de 20 a\u00f1os.<\/p>\n\n\n\n<p>Adem\u00e1s viajaban en el mismo veh\u00edculo, Estanislao Jos\u00e9 Fern\u00e1ndez, de 21 a\u00f1os; Juan Jos\u00e9 Astudilla , de 22; Priscila Erve Acosta, de 22; Celeste Reynoso, de 21, y tres menores de 18 a\u00f1os. Los mismos se encuentran internados en Mansilla y en Rosario del Tala.<\/p>\n","protected":false},"excerpt":{"rendered":"<p>Un nuevo accidente vial fatal ocurri&oacute; en una ruta entrerriana. Falleci&oacute; una joven oriunda de Galarza tras el protagonizar el despiste de un autom&oacute;vil en el que viajaban nueve personas de regreso de una fiesta. El siniestro vial se produjo este domingo, cerca de las 5:45, sobre Ruta Nacional 12, kil&oacute;metro 283, en cercan&iacute;as de [&hellip;]<\/p>\n","protected":false},"author":2,"featured_media":4119,"comment_status":"open","ping_status":"open","sticky":false,"template":"","format":"standard","meta":{"footnotes":""},"categories":[8,4],"tags":[120,119,1881,137,457,293],"class_list":["post-4118","post","type-post","status-publish","format-standard","has-post-thumbnail","hentry","category-policiales","category-provinciales","tag-accidente","tag-fatal","tag-galarza","tag-joven","tag-muerto","tag-ruta-12"],"_links":{"self":[{"href":"https:\/\/impactodenoticias.com.ar\/index.php?rest_route=\/wp\/v2\/posts\/4118","targetHints":{"allow":["GET"]}}],"collection":[{"href":"https:\/\/impactodenoticias.com.ar\/index.php?rest_route=\/wp\/v2\/posts"}],"about":[{"href":"https:\/\/impactodenoticias.com.ar\/index.php?rest_route=\/wp\/v2\/types\/post"}],"author":[{"embeddable":true,"href":"https:\/\/impactodenoticias.com.ar\/index.php?rest_route=\/wp\/v2\/users\/2"}],"replies":[{"embeddable":true,"href":"https:\/\/impactodenoticias.com.ar\/index.php?rest_route=%2Fwp%2Fv2%2Fcomments&post=4118"}],"version-history":[{"count":1,"href":"https:\/\/impactodenoticias.com.ar\/index.php?rest_route=\/wp\/v2\/posts\/4118\/revisions"}],"predecessor-version":[{"id":4120,"href":"https:\/\/impactodenoticias.com.ar\/index.php?rest_route=\/wp\/v2\/posts\/4118\/revisions\/4120"}],"wp:featuredmedia":[{"embeddable":true,"href":"https:\/\/impactodenoticias.com.ar\/index.php?rest_route=\/wp\/v2\/media\/4119"}],"wp:attachment":[{"href":"https:\/\/impactodenoticias.com.ar\/index.php?rest_route=%2Fwp%2Fv2%2Fmedia&parent=4118"}],"wp:term":[{"taxonomy":"category","embeddable":true,"href":"https:\/\/impactodenoticias.com.ar\/index.php?rest_route=%2Fwp%2Fv2%2Fcategories&post=4118"},{"taxonomy":"post_tag","embeddable":true,"href":"https:\/\/impactodenoticias.com.ar\/index.php?rest_route=%2Fwp%2Fv2%2Ftags&post=4118"}],"curies":[{"name":"wp","href":"https:\/\/api.w.org\/{rel}","templated":true}]}}