{"id":4121,"date":"2024-09-15T20:38:46","date_gmt":"2024-09-15T23:38:46","guid":{"rendered":"https:\/\/impactodenoticias.com.ar\/?p=4121"},"modified":"2024-09-15T20:38:46","modified_gmt":"2024-09-15T23:38:46","slug":"autovia-14-debido-al-mal-estado-de-la-ruta-un-camionero-de-ubajay-volco","status":"publish","type":"post","link":"https:\/\/impactodenoticias.com.ar\/?p=4121","title":{"rendered":"Autov\u00eda 14: debido al \u201cmal estado de la ruta\u201d, un camionero de Ubajay volc\u00f3"},"content":{"rendered":"\n<p><strong>Personal de la Comisar\u00eda Mandisov\u00ed intervino en el siniestro vial que se produjo a la altura del kil\u00f3metro 337 de la autov\u00eda \u201cJos\u00e9 Gervasio Artigas\u201d de la Ruta Nacional 14.<\/strong><\/p>\n\n\n\n<p>El conductor, un hombre mayor de edad, oriundo de Ubajay, Departamento Col\u00f3n, fue trasladado en ambulancia al hospital \u201cSanta Rosa\u201d de Chajar\u00ed con \u201clesiones de car\u00e1cter leves\u201d, seg\u00fan informaci\u00f3n brindada por la la Jefatura de Polic\u00eda Federaci\u00f3n.<\/p>\n\n\n\n<p>Personal de la Comisar\u00eda Mandisov\u00ed intervino en el siniestro vial sucedido a la altura del kil\u00f3metro 337 de la autov\u00eda \u201cJos\u00e9 Gervasio Artigas\u201d de la Ruta Nacional 14. Fue protagonizado por un cami\u00f3n Renault (blanco, con acoplado y sin carga).<\/p>\n\n\n\n<p>El veh\u00edculo de gran porte transitaba en sentido de circulaci\u00f3n sur a norte. Seg\u00fan la Polic\u00eda, indicaron que, \u201cpor el mal estado de la ruta, pierde el control del rodado volcando sobre la banquina este\u201d. En el lugar intervino personal de la Direcci\u00f3n Prevenci\u00f3n y Seguridad Vial, Comisar\u00eda Mandisov\u00ed con colaboraci\u00f3n de la Delegac\u00eda Toxicolog\u00eda Chajar\u00ed.<\/p>\n","protected":false},"excerpt":{"rendered":"<p>Personal de la Comisar&iacute;a Mandisov&iacute; intervino en el siniestro vial que se produjo a la altura del kil&oacute;metro 337 de la autov&iacute;a &ldquo;Jos&eacute; Gervasio Artigas&rdquo; de la Ruta Nacional 14. El conductor, un hombre mayor de edad, oriundo de Ubajay, Departamento Col&oacute;n, fue trasladado en ambulancia al hospital &ldquo;Santa Rosa&rdquo; de Chajar&iacute; con &ldquo;lesiones de [&hellip;]<\/p>\n","protected":false},"author":2,"featured_media":4122,"comment_status":"open","ping_status":"open","sticky":false,"template":"","format":"standard","meta":{"footnotes":""},"categories":[8,4],"tags":[521,545,466,1883,336],"class_list":["post-4121","post","type-post","status-publish","format-standard","has-post-thumbnail","hentry","category-policiales","category-provinciales","tag-autovia-14","tag-camion","tag-colon","tag-ubajay","tag-vuelco"],"_links":{"self":[{"href":"https:\/\/impactodenoticias.com.ar\/index.php?rest_route=\/wp\/v2\/posts\/4121","targetHints":{"allow":["GET"]}}],"collection":[{"href":"https:\/\/impactodenoticias.com.ar\/index.php?rest_route=\/wp\/v2\/posts"}],"about":[{"href":"https:\/\/impactodenoticias.com.ar\/index.php?rest_route=\/wp\/v2\/types\/post"}],"author":[{"embeddable":true,"href":"https:\/\/impactodenoticias.com.ar\/index.php?rest_route=\/wp\/v2\/users\/2"}],"replies":[{"embeddable":true,"href":"https:\/\/impactodenoticias.com.ar\/index.php?rest_route=%2Fwp%2Fv2%2Fcomments&post=4121"}],"version-history":[{"count":1,"href":"https:\/\/impactodenoticias.com.ar\/index.php?rest_route=\/wp\/v2\/posts\/4121\/revisions"}],"predecessor-version":[{"id":4123,"href":"https:\/\/impactodenoticias.com.ar\/index.php?rest_route=\/wp\/v2\/posts\/4121\/revisions\/4123"}],"wp:featuredmedia":[{"embeddable":true,"href":"https:\/\/impactodenoticias.com.ar\/index.php?rest_route=\/wp\/v2\/media\/4122"}],"wp:attachment":[{"href":"https:\/\/impactodenoticias.com.ar\/index.php?rest_route=%2Fwp%2Fv2%2Fmedia&parent=4121"}],"wp:term":[{"taxonomy":"category","embeddable":true,"href":"https:\/\/impactodenoticias.com.ar\/index.php?rest_route=%2Fwp%2Fv2%2Fcategories&post=4121"},{"taxonomy":"post_tag","embeddable":true,"href":"https:\/\/impactodenoticias.com.ar\/index.php?rest_route=%2Fwp%2Fv2%2Ftags&post=4121"}],"curies":[{"name":"wp","href":"https:\/\/api.w.org\/{rel}","templated":true}]}}