{"id":4125,"date":"2024-09-16T08:24:13","date_gmt":"2024-09-16T11:24:13","guid":{"rendered":"https:\/\/impactodenoticias.com.ar\/?p=4125"},"modified":"2024-09-16T08:24:13","modified_gmt":"2024-09-16T11:24:13","slug":"clima-en-entre-rios-se-pronostica-la-llegada-de-calor-y-luego-inestabilidades","status":"publish","type":"post","link":"https:\/\/impactodenoticias.com.ar\/?p=4125","title":{"rendered":"Clima en Entre R\u00edos: se pronostica la llegada de calor y luego inestabilidades"},"content":{"rendered":"\n<p><strong>El pron\u00f3stico del tiempo emitido por el Servicio Meteorol\u00f3gico Nacional, informa un fuerte incremento de las temperaturas en Entre R\u00edos.<\/strong><\/p>\n\n\n\n<p>El Servicio Meteorol\u00f3gico Nacional -SMN- anticipa una semana de calor para Entre R\u00edos, adem\u00e1s de la llegada de lluvias y posibles tormentas en la regi\u00f3n.<\/p>\n\n\n\n<p><\/p>\n\n\n\n<figure class=\"wp-block-image size-large\"><img loading=\"lazy\" decoding=\"async\" width=\"1024\" height=\"253\" src=\"https:\/\/impactodenoticias.com.ar\/wp-content\/uploads\/2024\/09\/scrnli_16_9_2024_8-22-02-1024x253.png\" alt=\"\" class=\"wp-image-4126\" srcset=\"https:\/\/impactodenoticias.com.ar\/wp-content\/uploads\/2024\/09\/scrnli_16_9_2024_8-22-02-1024x253.png 1024w, https:\/\/impactodenoticias.com.ar\/wp-content\/uploads\/2024\/09\/scrnli_16_9_2024_8-22-02-300x74.png 300w, https:\/\/impactodenoticias.com.ar\/wp-content\/uploads\/2024\/09\/scrnli_16_9_2024_8-22-02-768x190.png 768w, https:\/\/impactodenoticias.com.ar\/wp-content\/uploads\/2024\/09\/scrnli_16_9_2024_8-22-02.png 1140w\" sizes=\"auto, (max-width: 1024px) 100vw, 1024px\" \/><\/figure>\n\n\n\n<p><\/p>\n\n\n\n<figure class=\"wp-block-image size-large\"><img loading=\"lazy\" decoding=\"async\" width=\"1024\" height=\"252\" src=\"https:\/\/impactodenoticias.com.ar\/wp-content\/uploads\/2024\/09\/scrnli_16_9_2024_8-22-24-1024x252.png\" alt=\"\" class=\"wp-image-4127\" srcset=\"https:\/\/impactodenoticias.com.ar\/wp-content\/uploads\/2024\/09\/scrnli_16_9_2024_8-22-24-1024x252.png 1024w, https:\/\/impactodenoticias.com.ar\/wp-content\/uploads\/2024\/09\/scrnli_16_9_2024_8-22-24-300x74.png 300w, https:\/\/impactodenoticias.com.ar\/wp-content\/uploads\/2024\/09\/scrnli_16_9_2024_8-22-24-768x189.png 768w, https:\/\/impactodenoticias.com.ar\/wp-content\/uploads\/2024\/09\/scrnli_16_9_2024_8-22-24.png 1140w\" sizes=\"auto, (max-width: 1024px) 100vw, 1024px\" \/><\/figure>\n\n\n\n<p><\/p>\n\n\n\n<figure class=\"wp-block-image size-large\"><img loading=\"lazy\" decoding=\"async\" width=\"1024\" height=\"254\" src=\"https:\/\/impactodenoticias.com.ar\/wp-content\/uploads\/2024\/09\/scrnli_16_9_2024_8-22-50-1024x254.png\" alt=\"\" class=\"wp-image-4128\" srcset=\"https:\/\/impactodenoticias.com.ar\/wp-content\/uploads\/2024\/09\/scrnli_16_9_2024_8-22-50-1024x254.png 1024w, https:\/\/impactodenoticias.com.ar\/wp-content\/uploads\/2024\/09\/scrnli_16_9_2024_8-22-50-300x74.png 300w, https:\/\/impactodenoticias.com.ar\/wp-content\/uploads\/2024\/09\/scrnli_16_9_2024_8-22-50-768x190.png 768w, https:\/\/impactodenoticias.com.ar\/wp-content\/uploads\/2024\/09\/scrnli_16_9_2024_8-22-50.png 1138w\" sizes=\"auto, (max-width: 1024px) 100vw, 1024px\" \/><\/figure>\n\n\n\n<p><\/p>\n\n\n\n<p>Para este lunes se espera en Paran\u00e1 una m\u00ednima de 10 grados y una m\u00e1xima de 24 grados, registros t\u00e9rmicos parecidos a lo que se espera para el martes, cuando la m\u00e1xima llegar\u00eda hasta los 25 grados.<\/p>\n\n\n\n<p>El mi\u00e9rcoles la temperatura ir\u00e1 en ascenso y rondar\u00edan los 29 grados de m\u00e1xima, con una m\u00ednima de 12 grados. Para todas estas jornadas se espera buen tiempo, con excepci\u00f3n del martes, que podr\u00eda haber algunas nubes en el cielo pero sin probabilidad de lluvias.<\/p>\n\n\n\n<p>El jueves las temperaturas se mantendr\u00e1n en ascenso, hasta la posible llegada de lluvias. Con esta marca, que tocar\u00eda los 31 grados, se percibir\u00eda un descenso para los d\u00edas siguientes.<\/p>\n","protected":false},"excerpt":{"rendered":"<p>El pron&oacute;stico del tiempo emitido por el Servicio Meteorol&oacute;gico Nacional, informa un fuerte incremento de las temperaturas en Entre R&iacute;os. El Servicio Meteorol&oacute;gico Nacional -SMN- anticipa una semana de calor para Entre R&iacute;os, adem&aacute;s de la llegada de lluvias y posibles tormentas en la regi&oacute;n. Para este lunes se espera en Paran&aacute; una m&iacute;nima de [&hellip;]<\/p>\n","protected":false},"author":2,"featured_media":4129,"comment_status":"open","ping_status":"open","sticky":false,"template":"","format":"standard","meta":{"footnotes":""},"categories":[4,49],"tags":[38,33],"class_list":["post-4125","post","type-post","status-publish","format-standard","has-post-thumbnail","hentry","category-provinciales","category-sociedad","tag-clima","tag-entre-rios"],"_links":{"self":[{"href":"https:\/\/impactodenoticias.com.ar\/index.php?rest_route=\/wp\/v2\/posts\/4125","targetHints":{"allow":["GET"]}}],"collection":[{"href":"https:\/\/impactodenoticias.com.ar\/index.php?rest_route=\/wp\/v2\/posts"}],"about":[{"href":"https:\/\/impactodenoticias.com.ar\/index.php?rest_route=\/wp\/v2\/types\/post"}],"author":[{"embeddable":true,"href":"https:\/\/impactodenoticias.com.ar\/index.php?rest_route=\/wp\/v2\/users\/2"}],"replies":[{"embeddable":true,"href":"https:\/\/impactodenoticias.com.ar\/index.php?rest_route=%2Fwp%2Fv2%2Fcomments&post=4125"}],"version-history":[{"count":1,"href":"https:\/\/impactodenoticias.com.ar\/index.php?rest_route=\/wp\/v2\/posts\/4125\/revisions"}],"predecessor-version":[{"id":4130,"href":"https:\/\/impactodenoticias.com.ar\/index.php?rest_route=\/wp\/v2\/posts\/4125\/revisions\/4130"}],"wp:featuredmedia":[{"embeddable":true,"href":"https:\/\/impactodenoticias.com.ar\/index.php?rest_route=\/wp\/v2\/media\/4129"}],"wp:attachment":[{"href":"https:\/\/impactodenoticias.com.ar\/index.php?rest_route=%2Fwp%2Fv2%2Fmedia&parent=4125"}],"wp:term":[{"taxonomy":"category","embeddable":true,"href":"https:\/\/impactodenoticias.com.ar\/index.php?rest_route=%2Fwp%2Fv2%2Fcategories&post=4125"},{"taxonomy":"post_tag","embeddable":true,"href":"https:\/\/impactodenoticias.com.ar\/index.php?rest_route=%2Fwp%2Fv2%2Ftags&post=4125"}],"curies":[{"name":"wp","href":"https:\/\/api.w.org\/{rel}","templated":true}]}}