{"id":4135,"date":"2024-09-16T08:44:22","date_gmt":"2024-09-16T11:44:22","guid":{"rendered":"https:\/\/impactodenoticias.com.ar\/?p=4135"},"modified":"2024-09-17T10:16:38","modified_gmt":"2024-09-17T13:16:38","slug":"romero-y-azcue-fueron-invitados-por-diputados-para-analizar-las-reformas-a-la-ley-organica-de-municipios","status":"publish","type":"post","link":"https:\/\/impactodenoticias.com.ar\/?p=4135","title":{"rendered":"Romero y Azcu\u00e9 fueron invitados por Diputados para analizar las reformas a la Ley Org\u00e1nica de Municipios"},"content":{"rendered":"\n<p><strong>Este martes a las 16:30 se reunir\u00e1n la Comisi\u00f3n de Asuntos Municipales y la de Asuntos Constitucionales con el fin de continuar abordando dos proyectos que plantean reformas a la Ley Org\u00e1nica de Municipios.<\/strong><\/p>\n\n\n\n<p>Para esta ocasi\u00f3n fue convocada la intendenta de Paran\u00e1, Rosario Romero y el intendente de Concordia, Francisco Azcu\u00e9. Adem\u00e1s se curs\u00f3 invitaci\u00f3n al Secretario de Presupuesto y Finanzas, Uriel Brupnacher, y el de Asuntos Pol\u00edticos, Juli\u00e1n Maneiro.<\/p>\n\n\n\n<p>Los diputados de ambas comisiones mantendr\u00e1n una reuni\u00f3n el martes en el Sal\u00f3n de los Pasos Perdidos con el fin de analizar dos proyectos de ley que proponen diversas reformas a la Ley Org\u00e1nica de Municipios: una de las propuestas es de Mar\u00eda Elena Romero (Juntos por Entre R\u00edos) y la otra de Andrea Zoff (PJ).<\/p>\n\n\n\n<p>Para la ocasi\u00f3n fueron invitados el secretario de Asuntos Pol\u00edticos, Juli\u00e1n Maneiro; el secretario de Presupuesto y Finanzas, Uriel Brupbacher; la intendenta de Paran\u00e1, Rosario Romero, el intendente de Concordia, Francisco Azcu\u00e9; y el intendente de Col\u00f3n y referente de la Liga de Intendentes Vecinalistas, Jos\u00e9 Luis Walser.<\/p>\n","protected":false},"excerpt":{"rendered":"<p>Este martes a las 16:30 se reunir&aacute;n la Comisi&oacute;n de Asuntos Municipales y la de Asuntos Constitucionales con el fin de continuar abordando dos proyectos que plantean reformas a la Ley Org&aacute;nica de Municipios. Para esta ocasi&oacute;n fue convocada la intendenta de Paran&aacute;, Rosario Romero y el intendente de Concordia, Francisco Azcu&eacute;. Adem&aacute;s se curs&oacute; [&hellip;]<\/p>\n","protected":false},"author":2,"featured_media":4136,"comment_status":"open","ping_status":"open","sticky":false,"template":"","format":"standard","meta":{"footnotes":""},"categories":[11,4],"tags":[40,1885,161,347],"class_list":["post-4135","post","type-post","status-publish","format-standard","has-post-thumbnail","hentry","category-politica","category-provinciales","tag-francisco-azcue","tag-julian-maneiro","tag-rosario-romero","tag-uriel-brupbacher"],"_links":{"self":[{"href":"https:\/\/impactodenoticias.com.ar\/index.php?rest_route=\/wp\/v2\/posts\/4135","targetHints":{"allow":["GET"]}}],"collection":[{"href":"https:\/\/impactodenoticias.com.ar\/index.php?rest_route=\/wp\/v2\/posts"}],"about":[{"href":"https:\/\/impactodenoticias.com.ar\/index.php?rest_route=\/wp\/v2\/types\/post"}],"author":[{"embeddable":true,"href":"https:\/\/impactodenoticias.com.ar\/index.php?rest_route=\/wp\/v2\/users\/2"}],"replies":[{"embeddable":true,"href":"https:\/\/impactodenoticias.com.ar\/index.php?rest_route=%2Fwp%2Fv2%2Fcomments&post=4135"}],"version-history":[{"count":1,"href":"https:\/\/impactodenoticias.com.ar\/index.php?rest_route=\/wp\/v2\/posts\/4135\/revisions"}],"predecessor-version":[{"id":4137,"href":"https:\/\/impactodenoticias.com.ar\/index.php?rest_route=\/wp\/v2\/posts\/4135\/revisions\/4137"}],"wp:featuredmedia":[{"embeddable":true,"href":"https:\/\/impactodenoticias.com.ar\/index.php?rest_route=\/wp\/v2\/media\/4136"}],"wp:attachment":[{"href":"https:\/\/impactodenoticias.com.ar\/index.php?rest_route=%2Fwp%2Fv2%2Fmedia&parent=4135"}],"wp:term":[{"taxonomy":"category","embeddable":true,"href":"https:\/\/impactodenoticias.com.ar\/index.php?rest_route=%2Fwp%2Fv2%2Fcategories&post=4135"},{"taxonomy":"post_tag","embeddable":true,"href":"https:\/\/impactodenoticias.com.ar\/index.php?rest_route=%2Fwp%2Fv2%2Ftags&post=4135"}],"curies":[{"name":"wp","href":"https:\/\/api.w.org\/{rel}","templated":true}]}}