{"id":414,"date":"2024-06-25T09:30:35","date_gmt":"2024-06-25T12:30:35","guid":{"rendered":"https:\/\/impactodenoticias.com.ar\/?p=414"},"modified":"2024-06-25T09:30:36","modified_gmt":"2024-06-25T12:30:36","slug":"en-parana-y-concordia-la-desocupacion-se-ubica-en-el-42","status":"publish","type":"post","link":"https:\/\/impactodenoticias.com.ar\/?p=414","title":{"rendered":"En Paran\u00e1 y Concordia la desocupaci\u00f3n se ubica en el 4,2%"},"content":{"rendered":"\n<p><strong>Las dos ciudades que mide el INDEC coinciden en sus tasas de desocupaci\u00f3n, muy por debajo del promedio nacional de 7,7%. Estos son datos del \u00faltimo trimestre de 2024.<\/strong><\/p>\n\n\n\n<p>El Instituto Nacional de Estad\u00edsticas y Censos (INDEC) public\u00f3 este lunes su informe \u00abMercado de trabajo. Tasas e indicadores socioecon\u00f3micos\u00bb con datos de desocupaci\u00f3n del primer trimestre de 2024 en 31 ciudades del pa\u00eds.<\/p>\n\n\n\n<p>En el documento al que accedi\u00f3 IMPAC DE NOTICIAS, el Indec se\u00f1ala que, a nivel nacional en el primer trimestre de 2024, la tasa de actividad \u2013que mide la poblaci\u00f3n econ\u00f3micamente activa sobre el total de la poblaci\u00f3n\u2013 alcanz\u00f3 el 48%, la tasa de empleo \u2013proporci\u00f3n de personas ocupadas con relaci\u00f3n a la poblaci\u00f3n total\u2013 se ubic\u00f3 en 44,3%; y la tasa de desocupaci\u00f3n \u2013personas que no tienen ocupaci\u00f3n, est\u00e1n disponibles para trabajar y busca empleo activamente\u2013 se ubic\u00f3 en el 7,7%.<\/p>\n\n\n\n<p>Dentro de la poblaci\u00f3n activa, la regi\u00f3n que present\u00f3 la menor tasa de actividad fue Noreste (45,7%). En contraste, \u201clas regiones que presentaron mayores tasas de actividad fueron Gran Buenos Aires (48,5%), Pampeana (48,5%) y Cuyo (47,8%)\u201d.<\/p>\n\n\n\n<p>En una comparaci\u00f3n interanual, el primer trimestre de 2024 el empleo marc\u00f3 un leve descenso: este a\u00f1o fue del 44,3%, mientras que en el mismo per\u00edodo de 2023 fue del 45%. As\u00ed lo detalla el Indec: \u201cEn la comparaci\u00f3n con el primer trimestre de 2023, la tasa de actividad mostr\u00f3 un descenso de 0,3% (de 48,3% a 48,0%). La tasa de empleo present\u00f3 una baja de 0,7%. (de 45,0% a 44,3%) y la tasa de desocupaci\u00f3n mostr\u00f3 un ascenso de 0,8% (de 6,9% a 7,7%)\u201d.<\/p>\n\n\n\n<p><strong>Datos regionales<\/strong><\/p>\n\n\n\n<p>Seg\u00fan se indica en el informe del Indec, la regi\u00f3n Pampeana registr\u00f3 un 48,5% de actividad econ\u00f3mica el primer trimestre de 2024, una tasa de empleo del 45,2% y una tasa de desocupaci\u00f3n del 6,8%.<\/p>\n\n\n\n<p>Adem\u00e1s, las personas ocupadas en busca de empleo implican el 17,8% de la poblaci\u00f3n total, la subocupaci\u00f3n \u2013es decir, quienes trabajan menos de 35 horas semanales\u2013 es del 11,9%, las personas subocupadas que demandan trabajo son el 9,1% y quienes son subocupadas pero no demandan empleo representan el 2,7% del porcentaje total de la regi\u00f3n.<\/p>\n\n\n\n<p>Mientras que en el Gran Paran\u00e1 la tasa de actividad registr\u00f3 un 45,9% y el 44% de personas tienen empleo. Las cifras del Instituto tambi\u00e9n indican que hay un desempleo del 4,2%, mientras que las personas con trabajo que buscan otro empleo marcan el 13,1%, el 10,1% est\u00e1 subocupado, el 6,4% son subocupados demandando empleo y el 3,7% son subocupados no demandantes de m\u00e1s trabajos.<\/p>\n\n\n\n<p>En Concordia, la actividad es del 40,8%, el empleo registrados, el 39,1%, los trabajadores que demandan empleos, el 10,1%, la desocupaci\u00f3n marca el 4,2%. La subocupaci\u00f3n es del 10,7%, la subocupaci\u00f3n demandante es del 8,6% y la no demandante, es del 2,2%.<\/p>\n\n\n\n<p>Paran\u00e1 y Concordia mejoraron sus tasas de empleo<\/p>\n\n\n\n<p><strong>Miles sin trabajo<\/strong><\/p>\n\n\n\n<p>En relaci\u00f3n a las estad\u00edsticas referidas a la poblaci\u00f3n, el Indec informa que en la Capital del citrus, con un total de 165.000 personas, 67.000 son econ\u00f3micamente activas, 64.000 est\u00e1n ocupadas, 3.000 son desocupados, 7.000 est\u00e1n ocupados pero solicitando trabajo y 7.000 personas est\u00e1n subocupadas. En este marco, se calcula que la tasa de desocupaci\u00f3n en el primer trimestre es del 4,2%.<\/p>\n\n\n\n<p>En el caso del Gran Paran\u00e1, de un total de 286.000 personas encuestadas, 131.000 son econ\u00f3micamente activas. De esa cifra, 126.000 tienen empleo, 5.000 son desocupados, 17.000 son empleados buscando otro trabajo y 13.000 est\u00e1n subocupados. Del mismo modo que en Concordia, el Instituto Nacional de Estad\u00edsticas y Censos estima una tasa de desocupaci\u00f3n espec\u00edfica del 4.2%.<\/p>\n","protected":false},"excerpt":{"rendered":"<p>Las dos ciudades que mide el INDEC coinciden en sus tasas de desocupaci&oacute;n, muy por debajo del promedio nacional de 7,7%. Estos son datos del &uacute;ltimo trimestre de 2024. El Instituto Nacional de Estad&iacute;sticas y Censos (INDEC) public&oacute; este lunes su informe &laquo;Mercado de trabajo. Tasas e indicadores socioecon&oacute;micos&raquo; con datos de desocupaci&oacute;n del primer [&hellip;]<\/p>\n","protected":false},"author":2,"featured_media":415,"comment_status":"open","ping_status":"open","sticky":false,"template":"","format":"standard","meta":{"footnotes":""},"categories":[3,4],"tags":[72,93,33,94],"class_list":["post-414","post","type-post","status-publish","format-standard","has-post-thumbnail","hentry","category-locales","category-provinciales","tag-concordia","tag-desocupacion","tag-entre-rios","tag-indec"],"_links":{"self":[{"href":"https:\/\/impactodenoticias.com.ar\/index.php?rest_route=\/wp\/v2\/posts\/414","targetHints":{"allow":["GET"]}}],"collection":[{"href":"https:\/\/impactodenoticias.com.ar\/index.php?rest_route=\/wp\/v2\/posts"}],"about":[{"href":"https:\/\/impactodenoticias.com.ar\/index.php?rest_route=\/wp\/v2\/types\/post"}],"author":[{"embeddable":true,"href":"https:\/\/impactodenoticias.com.ar\/index.php?rest_route=\/wp\/v2\/users\/2"}],"replies":[{"embeddable":true,"href":"https:\/\/impactodenoticias.com.ar\/index.php?rest_route=%2Fwp%2Fv2%2Fcomments&post=414"}],"version-history":[{"count":1,"href":"https:\/\/impactodenoticias.com.ar\/index.php?rest_route=\/wp\/v2\/posts\/414\/revisions"}],"predecessor-version":[{"id":416,"href":"https:\/\/impactodenoticias.com.ar\/index.php?rest_route=\/wp\/v2\/posts\/414\/revisions\/416"}],"wp:featuredmedia":[{"embeddable":true,"href":"https:\/\/impactodenoticias.com.ar\/index.php?rest_route=\/wp\/v2\/media\/415"}],"wp:attachment":[{"href":"https:\/\/impactodenoticias.com.ar\/index.php?rest_route=%2Fwp%2Fv2%2Fmedia&parent=414"}],"wp:term":[{"taxonomy":"category","embeddable":true,"href":"https:\/\/impactodenoticias.com.ar\/index.php?rest_route=%2Fwp%2Fv2%2Fcategories&post=414"},{"taxonomy":"post_tag","embeddable":true,"href":"https:\/\/impactodenoticias.com.ar\/index.php?rest_route=%2Fwp%2Fv2%2Ftags&post=414"}],"curies":[{"name":"wp","href":"https:\/\/api.w.org\/{rel}","templated":true}]}}