{"id":4144,"date":"2024-09-16T09:36:41","date_gmt":"2024-09-16T12:36:41","guid":{"rendered":"https:\/\/impactodenoticias.com.ar\/?p=4144"},"modified":"2024-09-16T09:36:41","modified_gmt":"2024-09-16T12:36:41","slug":"parana-importante-operativo-policial-en-barrio-macarone-termino-con-dos-personas-detenidas","status":"publish","type":"post","link":"https:\/\/impactodenoticias.com.ar\/?p=4144","title":{"rendered":"Paran\u00e1: importante operativo policial en barrio Macarone termin\u00f3 con dos personas detenidas"},"content":{"rendered":"\n<h3 class=\"wp-block-heading\">Alrededor de 100 polic\u00edas participaron de un furte operativo policial en barrio Macarone de Paran\u00e1, tras las balaceras ocurridas en los \u00faltimos d\u00edas.<\/h3>\n\n\n\n<p>La Polic\u00eda de Entre R\u00edos despleg\u00f3 un fuerte operativo policial este lunes en barrio Macarone de Paran\u00e1, despu\u00e9s de varias balaceras en la zona y, particularmente, tras el caso del adolescente que fue baleado a la salida de la escuela.<\/p>\n\n\n\n<p>Un amplio despliegue policial, con la intervenci\u00f3n del helic\u00f3ptero de la Polic\u00eda de Entre R\u00edos, se registr\u00f3 este lunes por la ma\u00f1ana en barrio Macarone de Paran\u00e1. El operativo deriv\u00f3 en la detenci\u00f3n de dos personas (un mayor y un menor de edad) por su presunta vinculaci\u00f3n a balaceras que, el jueves pasado, culminaron con un adolescente de 16 a\u00f1os herido al quedar en medio de unos disparos cuando sal\u00eda de la escuela Mar\u00eda Reina Inmaculada.<\/p>\n\n\n\n<p><\/p>\n\n\n\n<figure class=\"wp-block-image size-full\"><img loading=\"lazy\" decoding=\"async\" width=\"606\" height=\"336\" src=\"https:\/\/impactodenoticias.com.ar\/wp-content\/uploads\/2024\/09\/DeWatermark.ai_1726490141683.png\" alt=\"\" class=\"wp-image-4145\" srcset=\"https:\/\/impactodenoticias.com.ar\/wp-content\/uploads\/2024\/09\/DeWatermark.ai_1726490141683.png 606w, https:\/\/impactodenoticias.com.ar\/wp-content\/uploads\/2024\/09\/DeWatermark.ai_1726490141683-300x166.png 300w\" sizes=\"auto, (max-width: 606px) 100vw, 606px\" \/><figcaption class=\"wp-element-caption\">Cr\u00e9dito: El Once<\/figcaption><\/figure>\n\n\n\n<p><\/p>\n\n\n\n<p>\u201cPor problemas antag\u00f3nicos, el jueves pasado se produjo un enfrentamiento en el que un menor result\u00f3 lesionado. Tras la intervenci\u00f3n del personal policial de la Direcci\u00f3n Investigaciones, se estableci\u00f3 qui\u00e9nes habr\u00edan sido los part\u00edcipes de ese enfrentamiento\u201d, inform\u00f3 el jefe de la Polic\u00eda de Entre R\u00edos, Claudio Gonz\u00e1lez, tras confirmar que hay dos demorados (un mayor y un menor de edad).<\/p>\n\n\n\n<p>El comisario indic\u00f3 que, tambi\u00e9n, intervinieron otros organismos, como Minoridad y Copnaf, \u201ca fin de abordar el conflicto para desestimar y conciliar las partes\u201d; y se\u00f1al\u00f3 que el operativo fue para \u201cpara brindarle seguridad al barrio y para que las personas que vayan con total tranquilidad ante nuestra presencia\u201d.<\/p>\n","protected":false},"excerpt":{"rendered":"<p>Alrededor de 100 polic&iacute;as participaron de un furte operativo policial en barrio Macarone de Paran&aacute;, tras las balaceras ocurridas en los &uacute;ltimos d&iacute;as. La Polic&iacute;a de Entre R&iacute;os despleg&oacute; un fuerte operativo policial este lunes en barrio Macarone de Paran&aacute;, despu&eacute;s de varias balaceras en la zona y, particularmente, tras el caso del adolescente que [&hellip;]<\/p>\n","protected":false},"author":2,"featured_media":4146,"comment_status":"open","ping_status":"open","sticky":false,"template":"","format":"standard","meta":{"footnotes":""},"categories":[3,8],"tags":[1888,138,535,95,610],"class_list":["post-4144","post","type-post","status-publish","format-standard","has-post-thumbnail","hentry","category-locales","category-policiales","tag-barrio-macarone","tag-detenidos","tag-operativo","tag-parana","tag-policial"],"_links":{"self":[{"href":"https:\/\/impactodenoticias.com.ar\/index.php?rest_route=\/wp\/v2\/posts\/4144","targetHints":{"allow":["GET"]}}],"collection":[{"href":"https:\/\/impactodenoticias.com.ar\/index.php?rest_route=\/wp\/v2\/posts"}],"about":[{"href":"https:\/\/impactodenoticias.com.ar\/index.php?rest_route=\/wp\/v2\/types\/post"}],"author":[{"embeddable":true,"href":"https:\/\/impactodenoticias.com.ar\/index.php?rest_route=\/wp\/v2\/users\/2"}],"replies":[{"embeddable":true,"href":"https:\/\/impactodenoticias.com.ar\/index.php?rest_route=%2Fwp%2Fv2%2Fcomments&post=4144"}],"version-history":[{"count":1,"href":"https:\/\/impactodenoticias.com.ar\/index.php?rest_route=\/wp\/v2\/posts\/4144\/revisions"}],"predecessor-version":[{"id":4147,"href":"https:\/\/impactodenoticias.com.ar\/index.php?rest_route=\/wp\/v2\/posts\/4144\/revisions\/4147"}],"wp:featuredmedia":[{"embeddable":true,"href":"https:\/\/impactodenoticias.com.ar\/index.php?rest_route=\/wp\/v2\/media\/4146"}],"wp:attachment":[{"href":"https:\/\/impactodenoticias.com.ar\/index.php?rest_route=%2Fwp%2Fv2%2Fmedia&parent=4144"}],"wp:term":[{"taxonomy":"category","embeddable":true,"href":"https:\/\/impactodenoticias.com.ar\/index.php?rest_route=%2Fwp%2Fv2%2Fcategories&post=4144"},{"taxonomy":"post_tag","embeddable":true,"href":"https:\/\/impactodenoticias.com.ar\/index.php?rest_route=%2Fwp%2Fv2%2Ftags&post=4144"}],"curies":[{"name":"wp","href":"https:\/\/api.w.org\/{rel}","templated":true}]}}