{"id":4148,"date":"2024-09-16T09:46:19","date_gmt":"2024-09-16T12:46:19","guid":{"rendered":"https:\/\/impactodenoticias.com.ar\/?p=4148"},"modified":"2024-09-16T09:46:19","modified_gmt":"2024-09-16T12:46:19","slug":"restringen-el-suministro-de-agua-por-trabajos-sobre-avenida-almafuerte-de-parana","status":"publish","type":"post","link":"https:\/\/impactodenoticias.com.ar\/?p=4148","title":{"rendered":"Restringen el suministro de agua por trabajos sobre avenida Almafuerte de Paran\u00e1"},"content":{"rendered":"\n<h3 class=\"wp-block-heading\">Las tareas se realizan sobre la vereda, entre calles Artigas y Formosa, no obstante, por el movimiento de maquinarias, el tr\u00e1nsito vehicular por Almafuerte \u2013en sentido oeste-este\u2013 se reducir\u00e1 a media calzada.<\/h3>\n\n\n\n<p>Personal municipal lleva a cabo mantenimiento y mejoras en ca\u00f1er\u00edas ubicadas sobre avenida Almafuerte, entre calles Artigas y Formosa. Las tareas se desarrollar\u00e1n sobre la vereda, pero a ra\u00edz de la circulaci\u00f3n de maquinarias, el tr\u00e1nsito vehicular por Almafuerte \u2013en sentido oeste-este\u2013 se reducir\u00e1 a media calzada. Debido a los trabajos, se solicit\u00f3 precauci\u00f3n a los automovilistas que transiten por la zona.<\/p>\n\n\n\n<p>Debido a estas intervenciones, se restringir\u00e1 el abastecimiento de agua potable en el \u00e1rea comprendida entre las avenidas Almafuerte, Ram\u00edrez, y calles Divisi\u00f3n de Los Andes y Provincias Unidas, adem\u00e1s de zonas aleda\u00f1as.<\/p>\n\n\n\n<p>Como es habitual, se recomienda a los usuarios de esos sectores que realicen un uso racional del agua almacenada en los tanques domiciliarios de reservas, que ante estas circunstancias permite contar con el suministro para las actividades esenciales del hogar.<\/p>\n\n\n\n<p>Otra intervenci\u00f3n de Obras Sanitarias<\/p>\n\n\n\n<p>Se inform\u00f3 que en el marco de los trabajos previstos para esta jornada, coordinados por la Secretar\u00eda de Servicios P\u00fablicos y realizados por la Subsecretar\u00eda de Obras Sanitarias, se intervendr\u00e1 esta ma\u00f1ana un conducto de distribuci\u00f3n de agua sobre calle Rondeau, frente a la planta potabilizadora Echeverr\u00eda.<\/p>\n","protected":false},"excerpt":{"rendered":"<p>Im\u00e1gen de archivo.<\/p>\n","protected":false},"author":2,"featured_media":4149,"comment_status":"open","ping_status":"open","sticky":false,"template":"","format":"standard","meta":{"footnotes":""},"categories":[3,49],"tags":[1889,1233,95,866],"class_list":["post-4148","post","type-post","status-publish","format-standard","has-post-thumbnail","hentry","category-locales","category-sociedad","tag-avenida-almafuerte","tag-obras-sanitarias","tag-parana","tag-tareas"],"_links":{"self":[{"href":"https:\/\/impactodenoticias.com.ar\/index.php?rest_route=\/wp\/v2\/posts\/4148","targetHints":{"allow":["GET"]}}],"collection":[{"href":"https:\/\/impactodenoticias.com.ar\/index.php?rest_route=\/wp\/v2\/posts"}],"about":[{"href":"https:\/\/impactodenoticias.com.ar\/index.php?rest_route=\/wp\/v2\/types\/post"}],"author":[{"embeddable":true,"href":"https:\/\/impactodenoticias.com.ar\/index.php?rest_route=\/wp\/v2\/users\/2"}],"replies":[{"embeddable":true,"href":"https:\/\/impactodenoticias.com.ar\/index.php?rest_route=%2Fwp%2Fv2%2Fcomments&post=4148"}],"version-history":[{"count":1,"href":"https:\/\/impactodenoticias.com.ar\/index.php?rest_route=\/wp\/v2\/posts\/4148\/revisions"}],"predecessor-version":[{"id":4150,"href":"https:\/\/impactodenoticias.com.ar\/index.php?rest_route=\/wp\/v2\/posts\/4148\/revisions\/4150"}],"wp:featuredmedia":[{"embeddable":true,"href":"https:\/\/impactodenoticias.com.ar\/index.php?rest_route=\/wp\/v2\/media\/4149"}],"wp:attachment":[{"href":"https:\/\/impactodenoticias.com.ar\/index.php?rest_route=%2Fwp%2Fv2%2Fmedia&parent=4148"}],"wp:term":[{"taxonomy":"category","embeddable":true,"href":"https:\/\/impactodenoticias.com.ar\/index.php?rest_route=%2Fwp%2Fv2%2Fcategories&post=4148"},{"taxonomy":"post_tag","embeddable":true,"href":"https:\/\/impactodenoticias.com.ar\/index.php?rest_route=%2Fwp%2Fv2%2Ftags&post=4148"}],"curies":[{"name":"wp","href":"https:\/\/api.w.org\/{rel}","templated":true}]}}