{"id":4151,"date":"2024-09-16T09:54:38","date_gmt":"2024-09-16T12:54:38","guid":{"rendered":"https:\/\/impactodenoticias.com.ar\/?p=4151"},"modified":"2024-09-16T09:54:38","modified_gmt":"2024-09-16T12:54:38","slug":"el-sistema-de-bicicletas-publicas-de-parana-sera-gratuito-durante-la-semana-de-la-movilidad-sostenible","status":"publish","type":"post","link":"https:\/\/impactodenoticias.com.ar\/?p=4151","title":{"rendered":"El sistema de bicicletas p\u00fablicas de Paran\u00e1 ser\u00e1 gratuito durante la Semana de la Movilidad Sostenible"},"content":{"rendered":"\n<p><strong>La medida abarca desde el 14 al 22 de septiembre en el marco de la fecha que promueve, a nivel mundial, el uso de medios de transporte amigables con el ambiente y la salud. Es una iniciativa de la Municipalidad de Paran\u00e1.<\/strong><\/p>\n\n\n\n<p>Adem\u00e1s, desde la Direcci\u00f3n de Sistema de Bicicletas P\u00fablicas informaron que en ese mismo per\u00edodo podr\u00e1 adquirirse el abono anual con un descuento del 50%.<\/p>\n\n\n\n<p>Se trata de otra de las acciones que impulsa el Municipio con el objetivo de instalar h\u00e1bitos sostenibles de movilidad, por una ciudad m\u00e1s limpia, ordenada y mejor conectada, favoreciendo, a su vez, la desconcentraci\u00f3n vehicular.<\/p>\n\n\n\n<p>Con la \u00faltima ampliaci\u00f3n de la red, el sistema ya cuenta con 18 estaciones, m\u00e1s de 130 bicicletas p\u00fablicas y m\u00e1s de 20 mil usuarios activos.<\/p>\n\n\n\n<p>\u00bfC\u00f3mo acceder al servicio?<\/p>\n\n\n\n<p>Para comenzar a ser usuario de Biciv\u00eda solo se necesita un dispositivo m\u00f3vil con internet para descargar la aplicaci\u00f3n Biciv\u00eda Paran\u00e1 desde la tienda de aplicaciones del m\u00f3vil, o mediante el link otorgado por los QR indicados en la carteler\u00eda de cada estaci\u00f3n.<\/p>\n\n\n\n<p>Las tarifas son muy accesibles e incluyen 30 d\u00edas gratuitos a partir del primer uso.<\/p>\n","protected":false},"excerpt":{"rendered":"<p>La medida abarca desde el 14 al 22 de septiembre en el marco de la fecha que promueve, a nivel mundial, el uso de medios de transporte amigables con el ambiente y la salud. Es una iniciativa de la Municipalidad de Paran&aacute;. Adem&aacute;s, desde la Direcci&oacute;n de Sistema de Bicicletas P&uacute;blicas informaron que en ese [&hellip;]<\/p>\n","protected":false},"author":2,"featured_media":4152,"comment_status":"open","ping_status":"open","sticky":false,"template":"","format":"standard","meta":{"footnotes":""},"categories":[3,49],"tags":[1890,1891,95,1063,1892],"class_list":["post-4151","post","type-post","status-publish","format-standard","has-post-thumbnail","hentry","category-locales","category-sociedad","tag-bicicletas","tag-gratuitas","tag-parana","tag-publicas","tag-semana-de-la-movilidad"],"_links":{"self":[{"href":"https:\/\/impactodenoticias.com.ar\/index.php?rest_route=\/wp\/v2\/posts\/4151","targetHints":{"allow":["GET"]}}],"collection":[{"href":"https:\/\/impactodenoticias.com.ar\/index.php?rest_route=\/wp\/v2\/posts"}],"about":[{"href":"https:\/\/impactodenoticias.com.ar\/index.php?rest_route=\/wp\/v2\/types\/post"}],"author":[{"embeddable":true,"href":"https:\/\/impactodenoticias.com.ar\/index.php?rest_route=\/wp\/v2\/users\/2"}],"replies":[{"embeddable":true,"href":"https:\/\/impactodenoticias.com.ar\/index.php?rest_route=%2Fwp%2Fv2%2Fcomments&post=4151"}],"version-history":[{"count":1,"href":"https:\/\/impactodenoticias.com.ar\/index.php?rest_route=\/wp\/v2\/posts\/4151\/revisions"}],"predecessor-version":[{"id":4153,"href":"https:\/\/impactodenoticias.com.ar\/index.php?rest_route=\/wp\/v2\/posts\/4151\/revisions\/4153"}],"wp:featuredmedia":[{"embeddable":true,"href":"https:\/\/impactodenoticias.com.ar\/index.php?rest_route=\/wp\/v2\/media\/4152"}],"wp:attachment":[{"href":"https:\/\/impactodenoticias.com.ar\/index.php?rest_route=%2Fwp%2Fv2%2Fmedia&parent=4151"}],"wp:term":[{"taxonomy":"category","embeddable":true,"href":"https:\/\/impactodenoticias.com.ar\/index.php?rest_route=%2Fwp%2Fv2%2Fcategories&post=4151"},{"taxonomy":"post_tag","embeddable":true,"href":"https:\/\/impactodenoticias.com.ar\/index.php?rest_route=%2Fwp%2Fv2%2Ftags&post=4151"}],"curies":[{"name":"wp","href":"https:\/\/api.w.org\/{rel}","templated":true}]}}