{"id":4154,"date":"2024-09-16T10:00:02","date_gmt":"2024-09-16T13:00:02","guid":{"rendered":"https:\/\/impactodenoticias.com.ar\/?p=4154"},"modified":"2024-09-17T10:16:19","modified_gmt":"2024-09-17T13:16:19","slug":"parana-es-sede-de-la-feria-del-centro-que-comenzo-este-viernes","status":"publish","type":"post","link":"https:\/\/impactodenoticias.com.ar\/?p=4154","title":{"rendered":"Paran\u00e1 es sede de la Feria del Centro que comenz\u00f3 este viernes"},"content":{"rendered":"\n<h3 class=\"wp-block-heading\">Se lleva a cabo hasta el domingo 15 en el CPC y La Vieja Usina, con entrada gratuita. Habr\u00e1 objetos de dise\u00f1o, gastronom\u00eda y m\u00fasica en vivo. La intendenta Rosario Romero y el ministro de Gobierno y Trabajo de Entre R\u00edos, Manuel Troncoso, destacaron la propuesta.<\/h3>\n\n\n\n<p>La Municipalidad colabora con el evento que es organizado por el Gobierno de Entre R\u00edos, junto a las provincias de C\u00f3rdoba y Santa Fe. Reunir\u00e1 a 120 dise\u00f1adores y 30 editoriales de la regi\u00f3n.<\/p>\n\n\n\n<p>\u201cValoramos que en este hermoso paisaje ribere\u00f1o podamos mostrar el perfil productivo de nuestra regi\u00f3n. Las localidades de las tres provincias florecen por el esfuerzo de sus trabajadores, de sus industriales, de sus comerciantes y de sus emprendedores\u201d, remarc\u00f3 Romero.<\/p>\n\n\n\n<p><\/p>\n\n\n\n<figure class=\"wp-block-image size-full\"><img loading=\"lazy\" decoding=\"async\" width=\"760\" height=\"427\" src=\"https:\/\/impactodenoticias.com.ar\/wp-content\/uploads\/2024\/09\/3c0b2db58076c4b64c22dc39265f63f2.jpg\" alt=\"\" class=\"wp-image-4155\" srcset=\"https:\/\/impactodenoticias.com.ar\/wp-content\/uploads\/2024\/09\/3c0b2db58076c4b64c22dc39265f63f2.jpg 760w, https:\/\/impactodenoticias.com.ar\/wp-content\/uploads\/2024\/09\/3c0b2db58076c4b64c22dc39265f63f2-300x169.jpg 300w\" sizes=\"auto, (max-width: 760px) 100vw, 760px\" \/><\/figure>\n\n\n\n<p><\/p>\n\n\n\n<p>Troncoso afirm\u00f3: \u201cEste evento nos permite mostrar el esp\u00edritu creador, emprendedor, la potencia productiva y el arte de much\u00edsimos productores, emprendedores y artesanos de C\u00f3rdoba, Santa Fe y Entre R\u00edos. Lo hacemos con la ayuda de Rosario (Romero). En tres d\u00edas vamos a recibir much\u00edsimo turismo que redundar\u00e1 en beneficios para nuestra provincia, para la Municipalidad de Paran\u00e1, la ciudad y para los paranaenses\u201d.<\/p>\n\n\n\n<p>Juan Carlos Meillard, director general de Articulaci\u00f3n Cultural de la Secretar\u00eda de Cultura, expres\u00f3: \u201cEsta feria llega a Paran\u00e1 para reafirmar una vez m\u00e1s que la cultura puede ser una industria que genera trabajo y valor agregado en nuestra provincia\u201d.<\/p>\n\n\n\n<p><strong>Horarios y actividades destacadas<\/strong><\/p>\n\n\n\n<p>Para visitar la feria de stands se podr\u00e1 ingresar desde las 16 a las 23, con la excepci\u00f3n del domingo en que el horario se habilitar\u00e1 a partir de las 15 y se extender\u00e1 a las 23.<\/p>\n\n\n\n<p>Habr\u00e1 talleres, actividades para ni\u00f1os y ni\u00f1as y presentaciones de libros.<\/p>\n\n\n\n<p><strong>Espect\u00e1culos musicales<\/strong><\/p>\n\n\n\n<p>Viernes 13: Se presenta la banda Sig Ragga.<\/p>\n\n\n\n<p>S\u00e1bado 14: Actuar\u00e1 la banda Liga de los Pueblos Libres (formaci\u00f3n de j\u00f3venes que integran el Programa de Orquestas Bandas y Coros de la Secretar\u00eda de Cultura de Entre R\u00edos) y Pato Viganoni y La Aplanadora.<\/p>\n\n\n\n<p>Domingo 15: M\u00fasica DJ, Marcia M\u00fcller y la banda Ceibo (oriunda de C\u00f3rdoba).<\/p>\n\n\n\n<p><\/p>\n\n\n\n<figure class=\"wp-block-embed is-type-video is-provider-youtube wp-block-embed-youtube wp-embed-aspect-16-9 wp-has-aspect-ratio\"><div class=\"wp-block-embed__wrapper\">\n<iframe loading=\"lazy\" title=\"Paran\u00e1 es sede de la Feria del Centro que empieza este viernes\" width=\"640\" height=\"360\" src=\"https:\/\/www.youtube.com\/embed\/s9Bngr0ZFrQ?feature=oembed\" frameborder=\"0\" allow=\"accelerometer; autoplay; clipboard-write; encrypted-media; gyroscope; picture-in-picture; web-share\" referrerpolicy=\"strict-origin-when-cross-origin\" allowfullscreen><\/iframe>\n<\/div><\/figure>\n","protected":false},"excerpt":{"rendered":"<p>Se lleva a cabo hasta el domingo 15 en el CPC y La Vieja Usina, con entrada gratuita. Habr&aacute; objetos de dise&ntilde;o, gastronom&iacute;a y m&uacute;sica en vivo. La intendenta Rosario Romero y el ministro de Gobierno y Trabajo de Entre R&iacute;os, Manuel Troncoso, destacaron la propuesta. La Municipalidad colabora con el evento que es organizado [&hellip;]<\/p>\n","protected":false},"author":2,"featured_media":4156,"comment_status":"open","ping_status":"open","sticky":false,"template":"","format":"standard","meta":{"footnotes":""},"categories":[3,1902,49],"tags":[1893,1880,1895,332,95,161,1894],"class_list":["post-4154","post","type-post","status-publish","format-standard","has-post-thumbnail","hentry","category-locales","category-municipales","category-sociedad","tag-cpc","tag-feria-del-centro","tag-juan-carlos-meillard","tag-manuel-troncoso","tag-parana","tag-rosario-romero","tag-vieja-usina"],"_links":{"self":[{"href":"https:\/\/impactodenoticias.com.ar\/index.php?rest_route=\/wp\/v2\/posts\/4154","targetHints":{"allow":["GET"]}}],"collection":[{"href":"https:\/\/impactodenoticias.com.ar\/index.php?rest_route=\/wp\/v2\/posts"}],"about":[{"href":"https:\/\/impactodenoticias.com.ar\/index.php?rest_route=\/wp\/v2\/types\/post"}],"author":[{"embeddable":true,"href":"https:\/\/impactodenoticias.com.ar\/index.php?rest_route=\/wp\/v2\/users\/2"}],"replies":[{"embeddable":true,"href":"https:\/\/impactodenoticias.com.ar\/index.php?rest_route=%2Fwp%2Fv2%2Fcomments&post=4154"}],"version-history":[{"count":1,"href":"https:\/\/impactodenoticias.com.ar\/index.php?rest_route=\/wp\/v2\/posts\/4154\/revisions"}],"predecessor-version":[{"id":4157,"href":"https:\/\/impactodenoticias.com.ar\/index.php?rest_route=\/wp\/v2\/posts\/4154\/revisions\/4157"}],"wp:featuredmedia":[{"embeddable":true,"href":"https:\/\/impactodenoticias.com.ar\/index.php?rest_route=\/wp\/v2\/media\/4156"}],"wp:attachment":[{"href":"https:\/\/impactodenoticias.com.ar\/index.php?rest_route=%2Fwp%2Fv2%2Fmedia&parent=4154"}],"wp:term":[{"taxonomy":"category","embeddable":true,"href":"https:\/\/impactodenoticias.com.ar\/index.php?rest_route=%2Fwp%2Fv2%2Fcategories&post=4154"},{"taxonomy":"post_tag","embeddable":true,"href":"https:\/\/impactodenoticias.com.ar\/index.php?rest_route=%2Fwp%2Fv2%2Ftags&post=4154"}],"curies":[{"name":"wp","href":"https:\/\/api.w.org\/{rel}","templated":true}]}}