{"id":4185,"date":"2024-09-16T18:34:18","date_gmt":"2024-09-16T21:34:18","guid":{"rendered":"https:\/\/impactodenoticias.com.ar\/?p=4185"},"modified":"2024-09-17T10:15:49","modified_gmt":"2024-09-17T13:15:49","slug":"la-afip-informo-detalles-sobre-los-allanamientos-realizados-a-una-conocida-cadena-de-farmacias-de-parana","status":"publish","type":"post","link":"https:\/\/impactodenoticias.com.ar\/?p=4185","title":{"rendered":"La AFIP inform\u00f3 detalles sobre los allanamientos realizados a una conocida cadena de farmacias de Paran\u00e1"},"content":{"rendered":"\n<h3 class=\"wp-block-heading\">La semana pasada la Administraci\u00f3n Federal de Ingresos P\u00fablicos (AFIP), realiz\u00f3 16 allanamientos en Paran\u00e1 como parte de una investigaci\u00f3n por presunta evasi\u00f3n de impuestos.<\/h3>\n\n\n\n<p>La causa involucra a una conocida cadena de farmacias que ha crecido mucho en los \u00faltimos a\u00f1os, pero que reportaba ingresos mucho menores de lo que se esperaba, teniendo en cuenta su expansi\u00f3n.<\/p>\n\n\n\n<p>El organismo detect\u00f3 fuertes diferencias entre el crecimiento de la cadena y la cantidad de impuestos que declaraban. Tambi\u00e9n encontraron que las irregularidades se extend\u00edan a los socios y actividades fuera del negocio farmac\u00e9utico. El contador del grupo estaba vinculado a una constructora que desarrollaba proyectos inmobiliarios a trav\u00e9s de fideicomisos. Se sospecha que estas estructuras se usaban para evadir impuestos y financiar el crecimiento de las farmacias.<\/p>\n\n\n\n<p>En los allanamientos, realizados en farmacias, estudios contables, escriban\u00edas y oficinas administrativas, encontraron grandes sumas de dinero en efectivo y mucha documentaci\u00f3n que podr\u00eda ayudar en la investigaci\u00f3n.<\/p>\n","protected":false},"excerpt":{"rendered":"<p>La semana pasada la Administraci&oacute;n Federal de Ingresos P&uacute;blicos (AFIP), realiz&oacute; 16 allanamientos en Paran&aacute; como parte de una investigaci&oacute;n por presunta evasi&oacute;n de impuestos. La causa involucra a una conocida cadena de farmacias que ha crecido mucho en los &uacute;ltimos a&ntilde;os, pero que reportaba ingresos mucho menores de lo que se esperaba, teniendo en [&hellip;]<\/p>\n","protected":false},"author":2,"featured_media":3988,"comment_status":"open","ping_status":"open","sticky":false,"template":"","format":"standard","meta":{"footnotes":""},"categories":[90,4],"tags":[1856,395,1907,1872],"class_list":["post-4185","post","type-post","status-publish","format-standard","has-post-thumbnail","hentry","category-judicial","category-provinciales","tag-afip","tag-allanamiento","tag-detalles","tag-farmacia"],"_links":{"self":[{"href":"https:\/\/impactodenoticias.com.ar\/index.php?rest_route=\/wp\/v2\/posts\/4185","targetHints":{"allow":["GET"]}}],"collection":[{"href":"https:\/\/impactodenoticias.com.ar\/index.php?rest_route=\/wp\/v2\/posts"}],"about":[{"href":"https:\/\/impactodenoticias.com.ar\/index.php?rest_route=\/wp\/v2\/types\/post"}],"author":[{"embeddable":true,"href":"https:\/\/impactodenoticias.com.ar\/index.php?rest_route=\/wp\/v2\/users\/2"}],"replies":[{"embeddable":true,"href":"https:\/\/impactodenoticias.com.ar\/index.php?rest_route=%2Fwp%2Fv2%2Fcomments&post=4185"}],"version-history":[{"count":1,"href":"https:\/\/impactodenoticias.com.ar\/index.php?rest_route=\/wp\/v2\/posts\/4185\/revisions"}],"predecessor-version":[{"id":4186,"href":"https:\/\/impactodenoticias.com.ar\/index.php?rest_route=\/wp\/v2\/posts\/4185\/revisions\/4186"}],"wp:featuredmedia":[{"embeddable":true,"href":"https:\/\/impactodenoticias.com.ar\/index.php?rest_route=\/wp\/v2\/media\/3988"}],"wp:attachment":[{"href":"https:\/\/impactodenoticias.com.ar\/index.php?rest_route=%2Fwp%2Fv2%2Fmedia&parent=4185"}],"wp:term":[{"taxonomy":"category","embeddable":true,"href":"https:\/\/impactodenoticias.com.ar\/index.php?rest_route=%2Fwp%2Fv2%2Fcategories&post=4185"},{"taxonomy":"post_tag","embeddable":true,"href":"https:\/\/impactodenoticias.com.ar\/index.php?rest_route=%2Fwp%2Fv2%2Ftags&post=4185"}],"curies":[{"name":"wp","href":"https:\/\/api.w.org\/{rel}","templated":true}]}}