{"id":4187,"date":"2024-09-16T18:40:46","date_gmt":"2024-09-16T21:40:46","guid":{"rendered":"https:\/\/impactodenoticias.com.ar\/?p=4187"},"modified":"2024-09-19T10:17:13","modified_gmt":"2024-09-19T13:17:13","slug":"desde-el-pj-entrerriano-afirman-que-la-gente-esta-empezando-a-darle-la-espalda-a-milei","status":"publish","type":"post","link":"https:\/\/impactodenoticias.com.ar\/?p=4187","title":{"rendered":"Desde el PJ entrerriano afirman que \u00abla gente est\u00e1 empezando a darle la espalda a Milei\u00bb"},"content":{"rendered":"\n<p><strong>El Consejo Provincial del PJ entrerriano dio a conocer un documento sobre el anuncio del Presupuesto 2025, realizado por el presidente Javier Milei. Dijeron que \u00abes m\u00e1s ajuste, no habl\u00f3 de la industria, la producci\u00f3n, ni el empleo, y lo \u00fanico novedoso es que pone a la econom\u00eda nacional en funci\u00f3n del pago de la deuda\u00bb.<\/strong><\/p>\n\n\n\n<p>\u00abEl presidente sac\u00f3 a pasear su insensibilidad\u00bb, destacaron desde el Consejo Provincial del PJ, haciendo referencia a la Cadena Nacional realizada anoche por el presidente Milei. En ese sentido, argumentaron: \u00abRodeado por los propios, dio un discurso donde reivindic\u00f3 el ajuste brutal sobre los m\u00e1s vulnerables y hasta pareci\u00f3 disfrutar los efectos de sus pol\u00edticas, que son negativos por d\u00f3nde se mire\u00bb.<\/p>\n\n\n\n<p>\u00abLo \u00fanico que tiene de novedoso el Presupuesto es que pone a la econom\u00eda nacional en funci\u00f3n del pago de la deuda con el FMI, lo cual es una entrega vergonzosa de nuestra soberan\u00eda y nuestra independencia econ\u00f3mica\u00bb, aseguraron y apuntaron que, \u00abNo habl\u00f3 de la industria, la producci\u00f3n y el empleo. Despu\u00e9s se enoja cuando decimos que es un gobierno que no gestiona\u00bb.<\/p>\n\n\n\n<p>Desde el peronismo entrerriano, aseveraron que \u00abla gente empez\u00f3 a darle la espalda y por eso redobl\u00f3 la apuesta con esa Cadena Nacional que, para colmo, les sali\u00f3 mal\u00bb. Y agregaron que: \u00abLa puesta en escena es una foto del momento que estamos atravesando. Un Presidente sin gesti\u00f3n, que s\u00f3lo habla de planillas de c\u00e1lculo y f\u00f3rmulas, rodeado de personajes que le han hecho mucho da\u00f1o a la pol\u00edtica y al pa\u00eds, aplaudi\u00e9ndose entre ellos, lejos de lo que est\u00e1 viviendo el pueblo argentino\u00bb.<\/p>\n\n\n\n<p>\u00abPara Milei, las personas, los ciudadanos son pagadores de impuestos, est\u00e1 claro que son mucho m\u00e1s que eso\u00bb, se\u00f1alaron pero reconocieron que, \u00abla forma en que los llama lo describe, es una persona que no conoce a la Argentina, ni a su pueblo. No la recorre y todos sabemos que ha viajado m\u00e1s al exterior que dentro de su propio pa\u00eds, y se nota\u00bb.<\/p>\n\n\n\n<p>\u00abNos resulta repudiable el desprecio con que se refiere a las y los jubilados, con los cuales parece haberse ensa\u00f1ado ya que los hace carne de sus burlas y acusaciones. En ese sentido, expresamos nuestra solidaridad con las y los adultos mayores\u00bb, destacaron.<\/p>\n\n\n\n<p>Finalizando, desde el PJ entrerriano subrayaron: \u00abLo peor de todo esto son los c\u00f3mplices que lo alientan, que le dicen que va bien, que le aplauden sus desvar\u00edos; los &#8216;dialoguistas&#8217;, entre ellos y con mayor responsabilidad, los gobernadores como Frigerio. Porque son los que le consiguen los votos para leyes nefastas y favorecen el microclima en que vive el Presidente, pero cuando esas cosas empiezan a fallar o explotan tr\u00e1gicamente, se despegan y no se hacen cargo\u00bb.<\/p>\n","protected":false},"excerpt":{"rendered":"<p>El Consejo Provincial del PJ entrerriano dio a conocer un documento sobre el anuncio del Presupuesto 2025, realizado por el presidente Javier Milei. Dijeron que &laquo;es m&aacute;s ajuste, no habl&oacute; de la industria, la producci&oacute;n, ni el empleo, y lo &uacute;nico novedoso es que pone a la econom&iacute;a nacional en funci&oacute;n del pago de la [&hellip;]<\/p>\n","protected":false},"author":2,"featured_media":4188,"comment_status":"open","ping_status":"open","sticky":false,"template":"","format":"standard","meta":{"footnotes":""},"categories":[11,4],"tags":[1909,629,1908,212,382],"class_list":["post-4187","post","type-post","status-publish","format-standard","has-post-thumbnail","hentry","category-politica","category-provinciales","tag-consejo-provincial","tag-entrerriano","tag-espalda","tag-javier-milei","tag-pj"],"_links":{"self":[{"href":"https:\/\/impactodenoticias.com.ar\/index.php?rest_route=\/wp\/v2\/posts\/4187","targetHints":{"allow":["GET"]}}],"collection":[{"href":"https:\/\/impactodenoticias.com.ar\/index.php?rest_route=\/wp\/v2\/posts"}],"about":[{"href":"https:\/\/impactodenoticias.com.ar\/index.php?rest_route=\/wp\/v2\/types\/post"}],"author":[{"embeddable":true,"href":"https:\/\/impactodenoticias.com.ar\/index.php?rest_route=\/wp\/v2\/users\/2"}],"replies":[{"embeddable":true,"href":"https:\/\/impactodenoticias.com.ar\/index.php?rest_route=%2Fwp%2Fv2%2Fcomments&post=4187"}],"version-history":[{"count":1,"href":"https:\/\/impactodenoticias.com.ar\/index.php?rest_route=\/wp\/v2\/posts\/4187\/revisions"}],"predecessor-version":[{"id":4189,"href":"https:\/\/impactodenoticias.com.ar\/index.php?rest_route=\/wp\/v2\/posts\/4187\/revisions\/4189"}],"wp:featuredmedia":[{"embeddable":true,"href":"https:\/\/impactodenoticias.com.ar\/index.php?rest_route=\/wp\/v2\/media\/4188"}],"wp:attachment":[{"href":"https:\/\/impactodenoticias.com.ar\/index.php?rest_route=%2Fwp%2Fv2%2Fmedia&parent=4187"}],"wp:term":[{"taxonomy":"category","embeddable":true,"href":"https:\/\/impactodenoticias.com.ar\/index.php?rest_route=%2Fwp%2Fv2%2Fcategories&post=4187"},{"taxonomy":"post_tag","embeddable":true,"href":"https:\/\/impactodenoticias.com.ar\/index.php?rest_route=%2Fwp%2Fv2%2Ftags&post=4187"}],"curies":[{"name":"wp","href":"https:\/\/api.w.org\/{rel}","templated":true}]}}