{"id":4199,"date":"2024-09-17T09:06:36","date_gmt":"2024-09-17T12:06:36","guid":{"rendered":"https:\/\/impactodenoticias.com.ar\/?p=4199"},"modified":"2024-09-17T09:06:37","modified_gmt":"2024-09-17T12:06:37","slug":"chocaron-dos-camiones-de-gran-porte-en-ruta-12-en-cercanias-de-ceibas","status":"publish","type":"post","link":"https:\/\/impactodenoticias.com.ar\/?p=4199","title":{"rendered":"Chocaron dos camiones de gran porte en ruta 12, en cercan\u00edas de Ceibas"},"content":{"rendered":"\n<p><strong>Uno de los rodados termin\u00f3 cruzando de carril y con importantes da\u00f1os materiales. Afortunadamente, no se reportaron personas lesionadas.<\/strong><\/p>\n\n\n\n<p>Un cami\u00f3n embisti\u00f3 a otro de atr\u00e1s, a la altura del kil\u00f3metro 119 de la Ruta Nacional 12. Debido a la violencia del siniestro vial, que se registr\u00f3 a las 6 de este martes, uno de los rodados termin\u00f3 cruzando de carril y con importantes da\u00f1os materiales. Afortunadamente, no se reportaron personas heridas.<\/p>\n\n\n\n<p>Fuentes policiales informaron que el conductor de un cami\u00f3n Fiat \u2013un hombre oriundo de Brasil-, por motivos que se tratan de establecer, colision\u00f3 a otro cami\u00f3n Chevrolet, conducido por un hombre de 51 a\u00f1os, oriundo de la ciudad de Col\u00f3n; ambas unidades circulaban en el mismo sentido (Norte-Sur) cuando, a ra\u00edz del impacto, el cami\u00f3n brasilero termin\u00f3 cruzando de carril.<\/p>\n\n\n\n<p>Intervino en el siniestro, personal policial del Puesto Caminero Brazo Largo.<\/p>\n","protected":false},"excerpt":{"rendered":"<p>Uno de los rodados termin&oacute; cruzando de carril y con importantes da&ntilde;os materiales. Afortunadamente, no se reportaron personas lesionadas. Un cami&oacute;n embisti&oacute; a otro de atr&aacute;s, a la altura del kil&oacute;metro 119 de la Ruta Nacional 12. Debido a la violencia del siniestro vial, que se registr&oacute; a las 6 de este martes, uno de [&hellip;]<\/p>\n","protected":false},"author":2,"featured_media":4200,"comment_status":"open","ping_status":"open","sticky":false,"template":"","format":"standard","meta":{"footnotes":""},"categories":[8,4],"tags":[924,652,293],"class_list":["post-4199","post","type-post","status-publish","format-standard","has-post-thumbnail","hentry","category-policiales","category-provinciales","tag-camiones","tag-choque","tag-ruta-12"],"_links":{"self":[{"href":"https:\/\/impactodenoticias.com.ar\/index.php?rest_route=\/wp\/v2\/posts\/4199","targetHints":{"allow":["GET"]}}],"collection":[{"href":"https:\/\/impactodenoticias.com.ar\/index.php?rest_route=\/wp\/v2\/posts"}],"about":[{"href":"https:\/\/impactodenoticias.com.ar\/index.php?rest_route=\/wp\/v2\/types\/post"}],"author":[{"embeddable":true,"href":"https:\/\/impactodenoticias.com.ar\/index.php?rest_route=\/wp\/v2\/users\/2"}],"replies":[{"embeddable":true,"href":"https:\/\/impactodenoticias.com.ar\/index.php?rest_route=%2Fwp%2Fv2%2Fcomments&post=4199"}],"version-history":[{"count":1,"href":"https:\/\/impactodenoticias.com.ar\/index.php?rest_route=\/wp\/v2\/posts\/4199\/revisions"}],"predecessor-version":[{"id":4201,"href":"https:\/\/impactodenoticias.com.ar\/index.php?rest_route=\/wp\/v2\/posts\/4199\/revisions\/4201"}],"wp:featuredmedia":[{"embeddable":true,"href":"https:\/\/impactodenoticias.com.ar\/index.php?rest_route=\/wp\/v2\/media\/4200"}],"wp:attachment":[{"href":"https:\/\/impactodenoticias.com.ar\/index.php?rest_route=%2Fwp%2Fv2%2Fmedia&parent=4199"}],"wp:term":[{"taxonomy":"category","embeddable":true,"href":"https:\/\/impactodenoticias.com.ar\/index.php?rest_route=%2Fwp%2Fv2%2Fcategories&post=4199"},{"taxonomy":"post_tag","embeddable":true,"href":"https:\/\/impactodenoticias.com.ar\/index.php?rest_route=%2Fwp%2Fv2%2Ftags&post=4199"}],"curies":[{"name":"wp","href":"https:\/\/api.w.org\/{rel}","templated":true}]}}