{"id":420,"date":"2024-06-25T14:13:34","date_gmt":"2024-06-25T17:13:34","guid":{"rendered":"https:\/\/impactodenoticias.com.ar\/?p=420"},"modified":"2024-06-25T14:13:36","modified_gmt":"2024-06-25T17:13:36","slug":"concordia-trascendio-una-lista-con-mas-de-30-contratados-del-municipio-que-seran-despedidos","status":"publish","type":"post","link":"https:\/\/impactodenoticias.com.ar\/?p=420","title":{"rendered":"Concordia: trascendi\u00f3 una lista con m\u00e1s de 30 contratados del municipio que ser\u00e1n despedidos"},"content":{"rendered":"\n<p><strong>El secretario gremial de ATE Concordia, Pedro P\u00e9rez, confirm\u00f3 la veracidad de una lista que contiene m\u00e1s de 30 empleados del municipio en condici\u00f3n de contratados -con y sin aportes- que ser\u00edan desvinculados de la comuna en los pr\u00f3ximos d\u00edas.<\/strong><\/p>\n\n\n\n<p>La n\u00f3mina incluye a reconocidos nombres de las \u00e1reas Deporte, Salud y Desarrollo Social, y muchos de ellos est\u00e1n relacionados al ex intendente Enrique Cresto. \u201cHay algunos ya han sido notificados, otros que todav\u00eda no y otros que a\u00fan est\u00e1n viendo qu\u00e9 hacer\u00bb, precis\u00f3 P\u00e9rez a medios locales, y adelant\u00f3 que se comunic\u00f3 con secretario de Gobierno, Luciano Dell &#8216;olio, para evaluar esta situaci\u00f3n.<\/p>\n\n\n\n<p>En el documento aparecen 36 empleados contratados del Municipio \u2013 con y sin aportes \u2013 muchos de ellos vinculados a la gesti\u00f3n de Enrique Cresto. Entre los nombres, figuran Edgardo Peraf\u00e1n, conocido trabajador de los medios y del mundo del deporte; Sonia Albornoz, ex coordinadora de eventos y talleres barriales, y C\u00e9sar Fonseca, ex Director de Asuntos Pol\u00edticos y persona del entorno m\u00e1s cercano al ex intendente de Concordia.<\/p>\n\n\n\n<p>Ante esta dif\u00edcil situaci\u00f3n, el dirigente gremial de ATE Concordia, Pedro P\u00e9rez, confirm\u00f3 que se comunic\u00f3 con el secretario de Gobierno, Luciano Dell \u2018Olio, para evaluar la situaci\u00f3n de los compa\u00f1eros. \u00abMe confirm\u00f3 que el listado que est\u00e1 circulando de gente que quedar\u00eda afuera es verdadera, e incluso que algunos que ya han sido notificados, otros que todav\u00eda no y otros que a\u00fan est\u00e1n viendo qu\u00e9 hacer\u00bb.<\/p>\n\n\n\n<p>Y se\u00f1al\u00f3 adem\u00e1s que \u00ablos nombres fueron enviados por la Secretar\u00eda de Desarrollo Humano (cargo de Sebasti\u00e1n Ar\u00edstide), e incluye algunos compa\u00f1eros del \u00e1rea de Salud\u00bb.<\/p>\n\n\n\n<p>Consultado sobre los motivos de despidos, P\u00e9rez expres\u00f3: \u201cno pude hablar m\u00e1s profundamente por temas de tiempo, pero me adelant\u00f3 que son cuestiones de las distintas Secretar\u00edas. Por lo que nosotros buscaremos la posibilidad de que sean reubicados en otro lado, o ver qu\u00e9 otra cosa podemos hacer\u201d.<\/p>\n\n\n\n<p>Finalizando destac\u00f3: \u201cestamos sobre el tema y tratando de hablar con el Ejecutivo para intentar salvar la situaci\u00f3n de los compa\u00f1eros, y seguramente vamos a tener m\u00e1s datos en las pr\u00f3ximas horas\u201d.<\/p>\n\n\n\n<p><\/p>\n\n\n\n<figure class=\"wp-block-image size-large\"><img loading=\"lazy\" decoding=\"async\" width=\"576\" height=\"1024\" src=\"https:\/\/impactodenoticias.com.ar\/wp-content\/uploads\/2024\/06\/IMG-20240624-WA0039-1-576x1024.jpg\" alt=\"\" class=\"wp-image-422\" srcset=\"https:\/\/impactodenoticias.com.ar\/wp-content\/uploads\/2024\/06\/IMG-20240624-WA0039-1-576x1024.jpg 576w, https:\/\/impactodenoticias.com.ar\/wp-content\/uploads\/2024\/06\/IMG-20240624-WA0039-1-169x300.jpg 169w, https:\/\/impactodenoticias.com.ar\/wp-content\/uploads\/2024\/06\/IMG-20240624-WA0039-1-768x1366.jpg 768w, https:\/\/impactodenoticias.com.ar\/wp-content\/uploads\/2024\/06\/IMG-20240624-WA0039-1-864x1536.jpg 864w, https:\/\/impactodenoticias.com.ar\/wp-content\/uploads\/2024\/06\/IMG-20240624-WA0039-1.jpg 899w\" sizes=\"auto, (max-width: 576px) 100vw, 576px\" \/><\/figure>\n","protected":false},"excerpt":{"rendered":"<p>El secretario gremial de ATE Concordia, Pedro P&eacute;rez, confirm&oacute; la veracidad de una lista que contiene m&aacute;s de 30 empleados del municipio en condici&oacute;n de contratados -con y sin aportes- que ser&iacute;an desvinculados de la comuna en los pr&oacute;ximos d&iacute;as. La n&oacute;mina incluye a reconocidos nombres de las &aacute;reas Deporte, Salud y Desarrollo Social, y [&hellip;]<\/p>\n","protected":false},"author":2,"featured_media":423,"comment_status":"open","ping_status":"open","sticky":false,"template":"","format":"standard","meta":{"footnotes":""},"categories":[91,11,4],"tags":[72,101,105,40,102,104],"class_list":["post-420","post","type-post","status-publish","format-standard","has-post-thumbnail","hentry","category-gremiales","category-politica","category-provinciales","tag-concordia","tag-despedidos","tag-enrique-cresto","tag-francisco-azcue","tag-municipalidad","tag-pedro-perez"],"_links":{"self":[{"href":"https:\/\/impactodenoticias.com.ar\/index.php?rest_route=\/wp\/v2\/posts\/420","targetHints":{"allow":["GET"]}}],"collection":[{"href":"https:\/\/impactodenoticias.com.ar\/index.php?rest_route=\/wp\/v2\/posts"}],"about":[{"href":"https:\/\/impactodenoticias.com.ar\/index.php?rest_route=\/wp\/v2\/types\/post"}],"author":[{"embeddable":true,"href":"https:\/\/impactodenoticias.com.ar\/index.php?rest_route=\/wp\/v2\/users\/2"}],"replies":[{"embeddable":true,"href":"https:\/\/impactodenoticias.com.ar\/index.php?rest_route=%2Fwp%2Fv2%2Fcomments&post=420"}],"version-history":[{"count":1,"href":"https:\/\/impactodenoticias.com.ar\/index.php?rest_route=\/wp\/v2\/posts\/420\/revisions"}],"predecessor-version":[{"id":424,"href":"https:\/\/impactodenoticias.com.ar\/index.php?rest_route=\/wp\/v2\/posts\/420\/revisions\/424"}],"wp:featuredmedia":[{"embeddable":true,"href":"https:\/\/impactodenoticias.com.ar\/index.php?rest_route=\/wp\/v2\/media\/423"}],"wp:attachment":[{"href":"https:\/\/impactodenoticias.com.ar\/index.php?rest_route=%2Fwp%2Fv2%2Fmedia&parent=420"}],"wp:term":[{"taxonomy":"category","embeddable":true,"href":"https:\/\/impactodenoticias.com.ar\/index.php?rest_route=%2Fwp%2Fv2%2Fcategories&post=420"},{"taxonomy":"post_tag","embeddable":true,"href":"https:\/\/impactodenoticias.com.ar\/index.php?rest_route=%2Fwp%2Fv2%2Ftags&post=420"}],"curies":[{"name":"wp","href":"https:\/\/api.w.org\/{rel}","templated":true}]}}