{"id":4202,"date":"2024-09-17T09:14:52","date_gmt":"2024-09-17T12:14:52","guid":{"rendered":"https:\/\/impactodenoticias.com.ar\/?p=4202"},"modified":"2024-09-19T10:16:50","modified_gmt":"2024-09-19T13:16:50","slug":"el-gobierno-y-los-docentes-se-vuelven-a-ver-las-caras-este-martes-en-el-marco-de-la-conciliacion-obligatoria","status":"publish","type":"post","link":"https:\/\/impactodenoticias.com.ar\/?p=4202","title":{"rendered":"El Gobierno y los docentes se vuelven a ver las caras este martes en el marco de la conciliaci\u00f3n obligatoria"},"content":{"rendered":"\n<p><strong>El Gobierno de la provincia y los docentes reunir\u00e1n nuevamente este martes en los tribunales de Paran\u00e1 en el marco de la conciliaci\u00f3n obligatoria. El encuentro ser\u00e1 desde las 11, cabe se\u00f1alar que el 19 termina la medida dispuesta por la Justicia.<\/strong><\/p>\n\n\n\n<p>En la \u00faltima reuni\u00f3n desde el Gobierno informaron que se acord\u00f3 la recuperaci\u00f3n de contenidos \u201cperdidos\u201d por las medidas de fuerza y se dialog\u00f3 sobre una recomposici\u00f3n salarial. \u201cLa representaci\u00f3n de los trabajadores asumi\u00f3 la responsabilidad de presentar un plan de recuperaci\u00f3n pedag\u00f3gica, que para nosotros es central. Por eso el gobierno est\u00e1 dispuesto a efectivizar la devoluci\u00f3n de los d\u00edas descontados, expres\u00f3 Bruno Frizzo, uno de los miembros paritarios que particip\u00f3 de la reuni\u00f3n en representaci\u00f3n del Gobierno provincial.<\/p>\n\n\n\n<p><\/p>\n\n\n\n<figure class=\"wp-block-image size-full\"><img loading=\"lazy\" decoding=\"async\" width=\"1024\" height=\"1024\" src=\"https:\/\/impactodenoticias.com.ar\/wp-content\/uploads\/2024\/09\/congreso-convoatorai-1024x1024-1.jpg\" alt=\"\" class=\"wp-image-4203\" srcset=\"https:\/\/impactodenoticias.com.ar\/wp-content\/uploads\/2024\/09\/congreso-convoatorai-1024x1024-1.jpg 1024w, https:\/\/impactodenoticias.com.ar\/wp-content\/uploads\/2024\/09\/congreso-convoatorai-1024x1024-1-300x300.jpg 300w, https:\/\/impactodenoticias.com.ar\/wp-content\/uploads\/2024\/09\/congreso-convoatorai-1024x1024-1-150x150.jpg 150w, https:\/\/impactodenoticias.com.ar\/wp-content\/uploads\/2024\/09\/congreso-convoatorai-1024x1024-1-768x768.jpg 768w\" sizes=\"auto, (max-width: 1024px) 100vw, 1024px\" \/><\/figure>\n\n\n\n<p><\/p>\n\n\n\n<p>La Comisi\u00f3n Directiva Central de la Asociaci\u00f3n Gremial del Magisterio de Entre R\u00edos (Agmer) convoc\u00f3 al Congreso Extraordinario, que sesionar\u00e1 este jueves en Villaguay. El encuentro sindical se da en el marco de la conciliaci\u00f3n obligatoria dispuesta por la Justicia provincial entre las autoridades de gobierno y los gremios docentes, que este martes tendr\u00e1 una nueva reuni\u00f3n.<\/p>\n\n\n\n<p>El congreso sesionar\u00e1 en el sal\u00f3n de Seccional departamental de Agmer, de Villaguay, desde las 9, y se debatir\u00e1 el siguiente temario:<\/p>\n\n\n\n<ul class=\"wp-block-list\">\n<li>Elecci\u00f3n mesa del congreso.<\/li>\n\n\n\n<li>Informe de gesti\u00f3n.<\/li>\n\n\n\n<li>An\u00e1lisis de la situaci\u00f3n Nacional y Provincial.<\/li>\n\n\n\n<li>Estrategias a seguir.<\/li>\n\n\n\n<li>Lectura y aprobaci\u00f3n del acta.<\/li>\n<\/ul>\n","protected":false},"excerpt":{"rendered":"<p>El Gobierno de la provincia y los docentes reunir&aacute;n nuevamente este martes en los tribunales de Paran&aacute; en el marco de la conciliaci&oacute;n obligatoria. El encuentro ser&aacute; desde las 11, cabe se&ntilde;alar que el 19 termina la medida dispuesta por la Justicia. En la &uacute;ltima reuni&oacute;n desde el Gobierno informaron que se acord&oacute; la recuperaci&oacute;n [&hellip;]<\/p>\n","protected":false},"author":2,"featured_media":4204,"comment_status":"open","ping_status":"open","sticky":false,"template":"","format":"standard","meta":{"footnotes":""},"categories":[91,4],"tags":[52,33,433,310],"class_list":["post-4202","post","type-post","status-publish","format-standard","has-post-thumbnail","hentry","category-gremiales","category-provinciales","tag-agmer","tag-entre-rios","tag-gobierno","tag-reunion"],"_links":{"self":[{"href":"https:\/\/impactodenoticias.com.ar\/index.php?rest_route=\/wp\/v2\/posts\/4202","targetHints":{"allow":["GET"]}}],"collection":[{"href":"https:\/\/impactodenoticias.com.ar\/index.php?rest_route=\/wp\/v2\/posts"}],"about":[{"href":"https:\/\/impactodenoticias.com.ar\/index.php?rest_route=\/wp\/v2\/types\/post"}],"author":[{"embeddable":true,"href":"https:\/\/impactodenoticias.com.ar\/index.php?rest_route=\/wp\/v2\/users\/2"}],"replies":[{"embeddable":true,"href":"https:\/\/impactodenoticias.com.ar\/index.php?rest_route=%2Fwp%2Fv2%2Fcomments&post=4202"}],"version-history":[{"count":1,"href":"https:\/\/impactodenoticias.com.ar\/index.php?rest_route=\/wp\/v2\/posts\/4202\/revisions"}],"predecessor-version":[{"id":4205,"href":"https:\/\/impactodenoticias.com.ar\/index.php?rest_route=\/wp\/v2\/posts\/4202\/revisions\/4205"}],"wp:featuredmedia":[{"embeddable":true,"href":"https:\/\/impactodenoticias.com.ar\/index.php?rest_route=\/wp\/v2\/media\/4204"}],"wp:attachment":[{"href":"https:\/\/impactodenoticias.com.ar\/index.php?rest_route=%2Fwp%2Fv2%2Fmedia&parent=4202"}],"wp:term":[{"taxonomy":"category","embeddable":true,"href":"https:\/\/impactodenoticias.com.ar\/index.php?rest_route=%2Fwp%2Fv2%2Fcategories&post=4202"},{"taxonomy":"post_tag","embeddable":true,"href":"https:\/\/impactodenoticias.com.ar\/index.php?rest_route=%2Fwp%2Fv2%2Ftags&post=4202"}],"curies":[{"name":"wp","href":"https:\/\/api.w.org\/{rel}","templated":true}]}}