{"id":4213,"date":"2024-09-17T10:13:03","date_gmt":"2024-09-17T13:13:03","guid":{"rendered":"https:\/\/impactodenoticias.com.ar\/?p=4213"},"modified":"2024-09-19T10:16:40","modified_gmt":"2024-09-19T13:16:40","slug":"este-martes-diputados-abordara-en-comisiones-la-expropiacion-de-terrenos-lindantes-al-patito-siriri","status":"publish","type":"post","link":"https:\/\/impactodenoticias.com.ar\/?p=4213","title":{"rendered":"Este martes Diputados abordar\u00e1 en Comisiones la expropiaci\u00f3n de terrenos colindantes al Patito Sirir\u00ed"},"content":{"rendered":"\n<p><strong>Ser\u00e1 a partir de las 12 en las Comisiones de Legislaci\u00f3n General y de Hacienda, Presupuesto y Cuentas. Se abordar\u00e1n dos proyectos, uno del oficialismo y otro de la oposici\u00f3n. Ambos proponen que se los declare de utilidad p\u00fablica y sujetos a expropiaci\u00f3n.<\/strong><\/p>\n\n\n\n<p>El martes 17 de septiembre desde las 12 se reunir\u00e1n las Comisiones de Legislaci\u00f3n General y de Hacienda, Presupuesto y Cuentas de la C\u00e1mara de Diputados para abordar el tratamiento de dos proyectos de ley que plantean que se declare de utilidad p\u00fablica y sujeto a expropiaci\u00f3n los terrenos colindantes con el tradicional paseo de Paran\u00e1 conocido como Patito Sirir\u00ed, ubicado en las barrancas del Parque Urquiza de la ciudad de Paran\u00e1.<\/p>\n\n\n\n<p>Uno de los proyectos es autor\u00eda del diputado de Juntos por Entre R\u00edos Juan Manuel Rossi; mientras que el otro pertenece a la legisladora de Uni\u00f3n por la Patria-M\u00e1s para Entre R\u00edos, Andrea Zoff. En los fundamentos del proyecto del diputado oficialista se se\u00f1ala que \u201ccon la declaraci\u00f3n de utilidad p\u00fablica seguida de la expropiaci\u00f3n, sin dudas habremos obrado en favor de todos los ciudadanos, los cuales podr\u00e1n ocupar los terrenos mencionados cuando as\u00ed lo deseen\u201d.<\/p>\n\n\n\n<p>Adem\u00e1s indica que \u201cde no avanzar con la sanci\u00f3n de este proyecto de Ley, corremos el riesgo cierto de que all\u00ed se avance con negocios inmobiliarios particulares. En este sentido, es de p\u00fablico conocimiento la preocupaci\u00f3n que ha mostrado gran parte de la ciudadan\u00eda\u201d, detalla.<\/p>\n\n\n\n<p>Por su parte en el proyecto de Zoff, se expresa que \u201cel objetivo del proyecto es la expropiaci\u00f3n de estos terrenos para garantizar su protecci\u00f3n y uso adecuado en beneficio de la comunidad. La utilidad p\u00fablica de la medida se justifica por la necesidad de conservar estos espacios de valor ambiental, cultural e hist\u00f3rico, y asegurar su disponibilidad para las generaciones presentes y futuras\u201d.<\/p>\n\n\n\n<p>Y se agrega que \u201cla expropiaci\u00f3n permitir\u00e1 al Estado Provincial cumplir con su deber de proteger el patrimonio y promover el bienestar de sus ciudadanos, asegurando una justa indemnizaci\u00f3n a los propietarios afectados, conforme lo establece la normativa vigente\u201d.<\/p>\n\n\n\n<p>Ambos proyectos destacan que el Concejo Deliberante de la Municipalidad de Paran\u00e1, el 11 de junio aprob\u00f3 sobre tablas y por mayor\u00eda un proyecto, impulsado por el bloque de M\u00e1s por Entre R\u00edos, por el que se declar\u00f3 de utilidad p\u00fablica y sujeto a expropiaci\u00f3n el inmueble cuyos datos catastrales se detallan en el articulado.<\/p>\n\n\n\n<p>En su proyecto, Rossi subray\u00f3 que \u201ces de p\u00fablico conocimiento el inter\u00e9s por la ciudadan\u00eda de esta zona lindante al Parque Carmelo Cabrera, socialmente conocido como \u2018Patito Sirir\u00ed\u2019, un espacio natural de esparcimiento con valor paisaj\u00edstico, cultural, tur\u00edstico e hist\u00f3rico para la sociedad paranaense y entrerriana\u201d.<\/p>\n\n\n\n<p>Y valor\u00f3 que \u201ceste balc\u00f3n natural con vista al r\u00edo forma parte del conjunto integrado con el Centro Cultural y de Convenciones \u2018La Vieja Usina\u2019, lo que permite considerarlo, una extensi\u00f3n dedicada al esparcimiento, eventos culturales y fines tur\u00edsticos\u201d.<\/p>\n","protected":false},"excerpt":{"rendered":"<p>Ser&aacute; a partir de las 12 en las Comisiones de Legislaci&oacute;n General y de Hacienda, Presupuesto y Cuentas. Se abordar&aacute;n dos proyectos, uno del oficialismo y otro de la oposici&oacute;n. Ambos proponen que se los declare de utilidad p&uacute;blica y sujetos a expropiaci&oacute;n. El martes 17 de septiembre desde las 12 se reunir&aacute;n las Comisiones [&hellip;]<\/p>\n","protected":false},"author":2,"featured_media":4214,"comment_status":"open","ping_status":"open","sticky":false,"template":"","format":"standard","meta":{"footnotes":""},"categories":[3,11,49],"tags":[982,1051,127,1917,328,327],"class_list":["post-4213","post","type-post","status-publish","format-standard","has-post-thumbnail","hentry","category-locales","category-politica","category-sociedad","tag-andrea-zoff","tag-comisiones","tag-diputados","tag-juan-manuel-rossi","tag-patito-siriri","tag-terrenos"],"_links":{"self":[{"href":"https:\/\/impactodenoticias.com.ar\/index.php?rest_route=\/wp\/v2\/posts\/4213","targetHints":{"allow":["GET"]}}],"collection":[{"href":"https:\/\/impactodenoticias.com.ar\/index.php?rest_route=\/wp\/v2\/posts"}],"about":[{"href":"https:\/\/impactodenoticias.com.ar\/index.php?rest_route=\/wp\/v2\/types\/post"}],"author":[{"embeddable":true,"href":"https:\/\/impactodenoticias.com.ar\/index.php?rest_route=\/wp\/v2\/users\/2"}],"replies":[{"embeddable":true,"href":"https:\/\/impactodenoticias.com.ar\/index.php?rest_route=%2Fwp%2Fv2%2Fcomments&post=4213"}],"version-history":[{"count":2,"href":"https:\/\/impactodenoticias.com.ar\/index.php?rest_route=\/wp\/v2\/posts\/4213\/revisions"}],"predecessor-version":[{"id":4216,"href":"https:\/\/impactodenoticias.com.ar\/index.php?rest_route=\/wp\/v2\/posts\/4213\/revisions\/4216"}],"wp:featuredmedia":[{"embeddable":true,"href":"https:\/\/impactodenoticias.com.ar\/index.php?rest_route=\/wp\/v2\/media\/4214"}],"wp:attachment":[{"href":"https:\/\/impactodenoticias.com.ar\/index.php?rest_route=%2Fwp%2Fv2%2Fmedia&parent=4213"}],"wp:term":[{"taxonomy":"category","embeddable":true,"href":"https:\/\/impactodenoticias.com.ar\/index.php?rest_route=%2Fwp%2Fv2%2Fcategories&post=4213"},{"taxonomy":"post_tag","embeddable":true,"href":"https:\/\/impactodenoticias.com.ar\/index.php?rest_route=%2Fwp%2Fv2%2Ftags&post=4213"}],"curies":[{"name":"wp","href":"https:\/\/api.w.org\/{rel}","templated":true}]}}