{"id":4217,"date":"2024-09-17T11:29:34","date_gmt":"2024-09-17T14:29:34","guid":{"rendered":"https:\/\/impactodenoticias.com.ar\/?p=4217"},"modified":"2024-09-17T11:29:34","modified_gmt":"2024-09-17T14:29:34","slug":"senado-se-abrio-la-inscripcion-para-la-capacitacion-en-control-publico","status":"publish","type":"post","link":"https:\/\/impactodenoticias.com.ar\/?p=4217","title":{"rendered":"Senado: se abri\u00f3 la inscripci\u00f3n para la capacitaci\u00f3n en Control P\u00fablico"},"content":{"rendered":"\n<p><strong>Hasta el 27 de septiembre inclusive habr\u00e1 tiempo para inscribirse en la nueva instancia formativa. Est\u00e1 destinada a quienes cumplen responsabilidades institucionales y a los equipos t\u00e9cnicos de los municipios entrerrianos.<\/strong><\/p>\n\n\n\n<p>La capacitaci\u00f3n en Control P\u00fablico surge de la articulaci\u00f3n entre el Instituto de Formaci\u00f3n Legislativa dependiente de la Vicegobernaci\u00f3n de Entre R\u00edos, el Tribunal de Cuentas de Entre R\u00edos, el Ministerio de Gobierno y Trabajo y el Ministerio de Planeamiento, Infraestructura y Servicios del Gobierno de Entre R\u00edos.<\/p>\n\n\n\n<p>Esta instancia de formaci\u00f3n no solo representa una oportunidad de aprendizaje, sino que tambi\u00e9n busca garantizar mecanismos efectivos que aseguren la transparencia en la gesti\u00f3n, promoviendo una administraci\u00f3n p\u00fablica m\u00e1s abierta y accesible. Est\u00e1 destinada a quienes cumplen responsabilidades institucionales y a los equipos t\u00e9cnicos, con la finalidad de dotarlos de herramientas y conocimientos que les permitan desempe\u00f1ar sus funciones de manera m\u00e1s efectiva y responsable. Se dictar\u00e1 mediante modalidad mixta los d\u00edas 3, 10 y 17 de octubre.<\/p>\n\n\n\n<p><\/p>\n\n\n\n<figure class=\"wp-block-image size-full\"><img loading=\"lazy\" decoding=\"async\" width=\"860\" height=\"573\" src=\"https:\/\/impactodenoticias.com.ar\/wp-content\/uploads\/2024\/09\/Imagen-web-IFL-Capacitacion-en-Control-Publico-860x573-1.png\" alt=\"\" class=\"wp-image-4218\" srcset=\"https:\/\/impactodenoticias.com.ar\/wp-content\/uploads\/2024\/09\/Imagen-web-IFL-Capacitacion-en-Control-Publico-860x573-1.png 860w, https:\/\/impactodenoticias.com.ar\/wp-content\/uploads\/2024\/09\/Imagen-web-IFL-Capacitacion-en-Control-Publico-860x573-1-300x200.png 300w, https:\/\/impactodenoticias.com.ar\/wp-content\/uploads\/2024\/09\/Imagen-web-IFL-Capacitacion-en-Control-Publico-860x573-1-768x512.png 768w\" sizes=\"auto, (max-width: 860px) 100vw, 860px\" \/><\/figure>\n\n\n\n<p><\/p>\n\n\n\n<p><strong>Nueva instancia formativa<\/strong><\/p>\n\n\n\n<p>El objetivo es capacitar en procedimientos de contrataci\u00f3n y rendici\u00f3n de cuentas ante el Tribunal de Cuentas de Entre R\u00edos, en cumplimiento de la Acordada 37\/75 y Resoluci\u00f3n 11\/2024. A continuaci\u00f3n, se detallan los contenidos:<\/p>\n\n\n\n<p>M\u00f3dulo I: Fortalecimiento de Capacidades en Procedimientos. Jueves 3 de octubre de 8:45 a 12:30). Modalidad: Presencial en el Centro de Convenciones Papa Francisco, Villaguay. Destinatarios: presidentes municipales, secretarios\/responsables de Obras P\u00fablicas, asesores jur\u00eddicos, contadores, jefes\/responsables de compras.<\/p>\n\n\n\n<p>M\u00f3dulo II: Cumplimiento Legal y Normativo. Fecha: Jueves 10 de octubre de 17:00 a 18:30. Modalidad: Virtual. Destinado a presidentes municipales, secretarios, asesores legales y contadores.<\/p>\n\n\n\n<p>M\u00f3dulo III: Transparencia y Rendici\u00f3n de Cuentas. Jueves 17 de octubre de 17:00 a 18:30. Modalidad: Virtual. Destinado a presidentes municipales, secretarios, asesores legales y contadores.<\/p>\n\n\n\n<p>El cursado de la capacitaci\u00f3n se acreditar\u00e1 mediante el correspondiente certificado digital al culminar cada uno de los m\u00f3dulos.<\/p>\n\n\n\n<p><strong>Inscripci\u00f3n<\/strong><\/p>\n\n\n\n<p>Los interesados podr\u00e1n inscribirse de manera gratuita hasta el lunes 27 de septiembre inclusive, en el siguiente enlace: <a href=\"https:\/\/www.senadoer.gob.ar\/instituto-formacion-legislativa\/inscripciones\/\">Aqu\u00ed<\/a><\/p>\n\n\n\n<p><a href=\"https:\/\/www.senadoer.gob.ar\/wp-content\/uploads\/2024\/09\/IFL-Dossier-Control-Publico-2.pdf\">Dossier-Control-Publico-2.pdf<\/a><\/p>\n","protected":false},"excerpt":{"rendered":"<p>Hasta el 27 de septiembre inclusive habr&aacute; tiempo para inscribirse en la nueva instancia formativa. Est&aacute; destinada a quienes cumplen responsabilidades institucionales y a los equipos t&eacute;cnicos de los municipios entrerrianos. La capacitaci&oacute;n en Control P&uacute;blico surge de la articulaci&oacute;n entre el Instituto de Formaci&oacute;n Legislativa dependiente de la Vicegobernaci&oacute;n de Entre R&iacute;os, el Tribunal [&hellip;]<\/p>\n","protected":false},"author":2,"featured_media":4219,"comment_status":"open","ping_status":"open","sticky":false,"template":"","format":"standard","meta":{"footnotes":""},"categories":[11,4],"tags":[1269,1918,33,1617,288],"class_list":["post-4217","post","type-post","status-publish","format-standard","has-post-thumbnail","hentry","category-politica","category-provinciales","tag-capacitacion","tag-control-publico","tag-entre-rios","tag-inscripcion","tag-senado"],"_links":{"self":[{"href":"https:\/\/impactodenoticias.com.ar\/index.php?rest_route=\/wp\/v2\/posts\/4217","targetHints":{"allow":["GET"]}}],"collection":[{"href":"https:\/\/impactodenoticias.com.ar\/index.php?rest_route=\/wp\/v2\/posts"}],"about":[{"href":"https:\/\/impactodenoticias.com.ar\/index.php?rest_route=\/wp\/v2\/types\/post"}],"author":[{"embeddable":true,"href":"https:\/\/impactodenoticias.com.ar\/index.php?rest_route=\/wp\/v2\/users\/2"}],"replies":[{"embeddable":true,"href":"https:\/\/impactodenoticias.com.ar\/index.php?rest_route=%2Fwp%2Fv2%2Fcomments&post=4217"}],"version-history":[{"count":1,"href":"https:\/\/impactodenoticias.com.ar\/index.php?rest_route=\/wp\/v2\/posts\/4217\/revisions"}],"predecessor-version":[{"id":4220,"href":"https:\/\/impactodenoticias.com.ar\/index.php?rest_route=\/wp\/v2\/posts\/4217\/revisions\/4220"}],"wp:featuredmedia":[{"embeddable":true,"href":"https:\/\/impactodenoticias.com.ar\/index.php?rest_route=\/wp\/v2\/media\/4219"}],"wp:attachment":[{"href":"https:\/\/impactodenoticias.com.ar\/index.php?rest_route=%2Fwp%2Fv2%2Fmedia&parent=4217"}],"wp:term":[{"taxonomy":"category","embeddable":true,"href":"https:\/\/impactodenoticias.com.ar\/index.php?rest_route=%2Fwp%2Fv2%2Fcategories&post=4217"},{"taxonomy":"post_tag","embeddable":true,"href":"https:\/\/impactodenoticias.com.ar\/index.php?rest_route=%2Fwp%2Fv2%2Ftags&post=4217"}],"curies":[{"name":"wp","href":"https:\/\/api.w.org\/{rel}","templated":true}]}}