{"id":4221,"date":"2024-09-17T11:40:52","date_gmt":"2024-09-17T14:40:52","guid":{"rendered":"https:\/\/impactodenoticias.com.ar\/?p=4221"},"modified":"2024-09-19T10:16:36","modified_gmt":"2024-09-19T13:16:36","slug":"la-feria-de-salta-y-nogoya-experimento-otro-domingo-con-muchas-propuestas","status":"publish","type":"post","link":"https:\/\/impactodenoticias.com.ar\/?p=4221","title":{"rendered":"La Feria de Salta y Nogoy\u00e1 experiment\u00f3 otro domingo con muchas propuestas"},"content":{"rendered":"\n<h3 class=\"wp-block-heading\">Hubo gastronom\u00eda tradicional de las colectividades suiza, rusa y colombiana. Adem\u00e1s, se present\u00f3 el octavo n\u00famero de la revista Mi Lugar, denominado Coraz\u00f3n de Feria, que narra historias del lugar que re\u00fane a cientos de paranaenses cada fin de semana.  La intendenta Rosario Romero estuvo presente.<\/h3>\n\n\n\n<p>\u00abLa feria florece con mucha actividad y hoy la revista Mi Lugar presenta una nueva edici\u00f3n que se entrega gratuitamente a los vecinos. Es un espacio ic\u00f3nico de la ciudad que hay que celebrar. Est\u00e1 repleto de gente\u201d, destac\u00f3 Romero.<\/p>\n\n\n\n<p><\/p>\n\n\n\n<figure class=\"wp-block-image size-full\"><img loading=\"lazy\" decoding=\"async\" width=\"1000\" height=\"667\" src=\"https:\/\/impactodenoticias.com.ar\/wp-content\/uploads\/2024\/09\/1726491422_0d1590313241c827d638.jpg\" alt=\"\" class=\"wp-image-4222\" srcset=\"https:\/\/impactodenoticias.com.ar\/wp-content\/uploads\/2024\/09\/1726491422_0d1590313241c827d638.jpg 1000w, https:\/\/impactodenoticias.com.ar\/wp-content\/uploads\/2024\/09\/1726491422_0d1590313241c827d638-300x200.jpg 300w, https:\/\/impactodenoticias.com.ar\/wp-content\/uploads\/2024\/09\/1726491422_0d1590313241c827d638-768x512.jpg 768w\" sizes=\"auto, (max-width: 1000px) 100vw, 1000px\" \/><\/figure>\n\n\n\n<p><\/p>\n\n\n\n<p><strong>Colectividades<\/strong><\/p>\n\n\n\n<p>Este domingo se pudo disfrutar de distintos platos tradicionales: chebur\u00e9ki con carne, strudel y sharlotka, de la cocina rusa; raclette y torta de manzana, de Suiza; papas rellenas y empanadas colombianas. El objetivo es que el p\u00fablico pueda disfrutar de las costumbres y sabores de las colectividades, celebrando la diversidad que aportan a la identidad paranaense.<\/p>\n\n\n\n<p>\u201cEsta propuesta se denomina Sabores de las Ferias, que lleva adelante el Municipio, a trav\u00e9s de la Secretar\u00eda de Producci\u00f3n, en conjunto con la Uni\u00f3n de Colectividades de Entre R\u00edos. La idea es que cada domingo haya tres colectividades diferentes mostrando su gastronom\u00eda a los vecinos\u201d, se\u00f1al\u00f3 el director de Colectividades, Sebasti\u00e1n Tommasi.<\/p>\n\n\n\n<p><strong>Revista Mi Lugar<\/strong><\/p>\n\n\n\n<p>Finalmente, el director de la Editorial Municipal, Juli\u00e1n Stopello, destac\u00f3 la nueva edici\u00f3n de la publicaci\u00f3n, que cuenta historias de la Feria de Salta y Nogoy\u00e1 y de los barrios que la rodean. \u201cEs un aporte m\u00e1s para contarnos como paranaenses y redescubrir los encantos que tiene la ciudad\u201d, afirm\u00f3.<\/p>\n\n\n\n<p>Los distintos n\u00fameros de la revista se encuentran disponibles en formato digital en:<\/p>\n\n\n\n<p><a href=\"htpp:\/\/editorial.parana.gob.ar\/revista\">htpp:\/\/editorial.parana.gob.ar\/revista<\/a><\/p>\n\n\n\n<p>Estuvieron presentes los secretarios de Gobierno y Coordinaci\u00f3n de Gabinete, Santiago Halle; y de Hacienda y Producci\u00f3n, Alexis Bilbao; los subsecretarios de Producci\u00f3n, Oscar Bustamante; y de Pol\u00edticas Sociales, Nicol\u00e1s Mathieu; y el director de Mercados y Ferias, Armando Toloy.<\/p>\n\n\n\n<p><\/p>\n\n\n\n<figure class=\"wp-block-embed is-type-video is-provider-youtube wp-block-embed-youtube wp-embed-aspect-16-9 wp-has-aspect-ratio\"><div class=\"wp-block-embed__wrapper\">\n<iframe loading=\"lazy\" title=\"La Feria de Salta y Nogoy\u00e1 vivi\u00f3 otro domingo con muchas propuestas\" width=\"640\" height=\"360\" src=\"https:\/\/www.youtube.com\/embed\/gcxSEU-9ESI?feature=oembed\" frameborder=\"0\" allow=\"accelerometer; autoplay; clipboard-write; encrypted-media; gyroscope; picture-in-picture; web-share\" referrerpolicy=\"strict-origin-when-cross-origin\" allowfullscreen><\/iframe>\n<\/div><\/figure>\n","protected":false},"excerpt":{"rendered":"<p>Hubo gastronom&iacute;a tradicional de las colectividades suiza, rusa y colombiana. Adem&aacute;s, se present&oacute; el octavo n&uacute;mero de la revista Mi Lugar, denominado Coraz&oacute;n de Feria, que narra historias del lugar que re&uacute;ne a cientos de paranaenses cada fin de semana. La intendenta Rosario Romero estuvo presente. &laquo;La feria florece con mucha actividad y hoy la [&hellip;]<\/p>\n","protected":false},"author":2,"featured_media":4223,"comment_status":"open","ping_status":"open","sticky":false,"template":"","format":"standard","meta":{"footnotes":""},"categories":[3,1902],"tags":[1577,1920,95,1919,161,1781],"class_list":["post-4221","post","type-post","status-publish","format-standard","has-post-thumbnail","hentry","category-locales","category-municipales","tag-feria","tag-mi-lugar","tag-parana","tag-revista","tag-rosario-romero","tag-salta-y-nogoya"],"_links":{"self":[{"href":"https:\/\/impactodenoticias.com.ar\/index.php?rest_route=\/wp\/v2\/posts\/4221","targetHints":{"allow":["GET"]}}],"collection":[{"href":"https:\/\/impactodenoticias.com.ar\/index.php?rest_route=\/wp\/v2\/posts"}],"about":[{"href":"https:\/\/impactodenoticias.com.ar\/index.php?rest_route=\/wp\/v2\/types\/post"}],"author":[{"embeddable":true,"href":"https:\/\/impactodenoticias.com.ar\/index.php?rest_route=\/wp\/v2\/users\/2"}],"replies":[{"embeddable":true,"href":"https:\/\/impactodenoticias.com.ar\/index.php?rest_route=%2Fwp%2Fv2%2Fcomments&post=4221"}],"version-history":[{"count":1,"href":"https:\/\/impactodenoticias.com.ar\/index.php?rest_route=\/wp\/v2\/posts\/4221\/revisions"}],"predecessor-version":[{"id":4224,"href":"https:\/\/impactodenoticias.com.ar\/index.php?rest_route=\/wp\/v2\/posts\/4221\/revisions\/4224"}],"wp:featuredmedia":[{"embeddable":true,"href":"https:\/\/impactodenoticias.com.ar\/index.php?rest_route=\/wp\/v2\/media\/4223"}],"wp:attachment":[{"href":"https:\/\/impactodenoticias.com.ar\/index.php?rest_route=%2Fwp%2Fv2%2Fmedia&parent=4221"}],"wp:term":[{"taxonomy":"category","embeddable":true,"href":"https:\/\/impactodenoticias.com.ar\/index.php?rest_route=%2Fwp%2Fv2%2Fcategories&post=4221"},{"taxonomy":"post_tag","embeddable":true,"href":"https:\/\/impactodenoticias.com.ar\/index.php?rest_route=%2Fwp%2Fv2%2Ftags&post=4221"}],"curies":[{"name":"wp","href":"https:\/\/api.w.org\/{rel}","templated":true}]}}