{"id":4228,"date":"2024-09-17T18:40:07","date_gmt":"2024-09-17T21:40:07","guid":{"rendered":"https:\/\/impactodenoticias.com.ar\/?p=4228"},"modified":"2024-09-17T18:40:08","modified_gmt":"2024-09-17T21:40:08","slug":"senadores-se-interiorizaron-sobre-la-adhesion-al-rigi-y-la-creacion-del-rini","status":"publish","type":"post","link":"https:\/\/impactodenoticias.com.ar\/?p=4228","title":{"rendered":"Senadores se interiorizaron sobre la adhesi\u00f3n al RIGI y la creaci\u00f3n del RINI"},"content":{"rendered":"\n<p><strong>Este martes se reuni\u00f3 la Comisi\u00f3n de Presupuesto y Hacienda para avanzar en el an\u00e1lisis del proyecto de ley, con reciente media sanci\u00f3n de la C\u00e1mara de Diputados, mediante el cual la provincia de Entre R\u00edos adhiere al \u201cR\u00e9gimen de Incentivo para Grandes Inversiones\u201d (RIGI) y se crea el \u201cR\u00e9gimen de Incentivo a las Nuevas Inversiones\u201d (RINI).<\/strong><\/p>\n\n\n\n<p>Cabe recordar que el proyecto de ley en su t\u00edtulo uno establece que Entre R\u00edos adhiere al \u201cR\u00e9gimen de Incentivo para Grandes Inversiones\u201d (RIGI) y las empresas adheridas gozar\u00e1n en la provincia de las exenciones fiscales y dem\u00e1s beneficios que se establecen para el RINI \u201cR\u00e9gimen de Incentivo a las Nuevas Inversiones\u201d. La creaci\u00f3n de este \u00faltimo se estipula en el t\u00edtulo dos del proyecto con media sanci\u00f3n. De all\u00ed se deja en claro que el objetivo es favorecer la radicaci\u00f3n de nuevas inversiones en el territorio provincial, con beneficios impositivos en el R\u00e9gimen Tributario provincial entre otros puntos, con el fin de reactivar la actividad productiva y ampliar las ayudas contempladas en la Ley de Promoci\u00f3n y Desarrollo Industrial.<\/p>\n\n\n\n<p>Entre los beneficiaros pueden estar quienes realicen nuevas inversiones en actividades dentro del transporte terrestre de cargas industriales, actividades tur\u00edsticas, culturales, que promuevan procesos productivos de econom\u00eda circular y\/o que promuevan la neutralidad de la huella de carbono. Se contempla una ventanilla \u00fanica, donde los interesados en acceder podr\u00e1n disponer de un tr\u00e1mite r\u00e1pido, como tambi\u00e9n la vigencia de las exenciones que ser\u00e1n por 15 a\u00f1os con una posible pr\u00f3rroga de cinco m\u00e1s. El proyecto del Poder Ejecutivo, de 22 art\u00edculos, establece que la autoridad de aplicaci\u00f3n ser\u00e1 el Ministerio de Desarrollo Econ\u00f3mico, e invita a los Municipios y Comunas de la provincia a adherir, otorgando las exenciones tributarias pertinentes en sus respectivas jurisdicciones y conforme a su esfera de competencias.<\/p>\n\n\n\n<p>La reuni\u00f3n<\/p>\n\n\n\n<p>El presidente de la Comisi\u00f3n Rub\u00e9n Dal Mol\u00edn (Federaci\u00f3n \u2013 Juntos por Entre R\u00edos). agradeci\u00f3 la presencia de los invitados y los legisladores, tras lo cual se\u00f1al\u00f3 que en una pr\u00f3xima reuni\u00f3n ser\u00e1n recibidos grupos de ambientalistas. Dal Mol\u00edn manifest\u00f3 que desde el bloque Juntos por Entre R\u00edos est\u00e1n de acuerdo con la adhesi\u00f3n a la ley nacional, \u201cque ya fue discutida y servir\u00e1 para un empuje al desarrollo\u201d.<\/p>\n\n\n\n<p>Con el fin de tener mayor informaci\u00f3n sobre el proyecto redactado desde el Poder Ejecutivo, fueron invitados representantes de entidades relacionadas a la tem\u00e1tica y funcionarios provinciales.<\/p>\n\n\n\n<p>El primero en tomar la palabra fue el titular de ATER, Jes\u00fas Korell, quien aclar\u00f3 que el RIGI tiene aplicaci\u00f3n en todo el territorio argentino. Korell refut\u00f3 algunas objeciones escuchadas, como por ejemplo que las grandes inversiones que superen los 200 millones de d\u00f3lares no puedan generar empleo. Las exenciones se dan si se adhieren al RINI, aclar\u00f3 el funcionario, y a\u00f1adi\u00f3 que \u201ccreemos conveniente agregar actividades que no estaban incluidas en la Ley de promoci\u00f3n industrial\u201d. \u201cEstamos convencidos que es un buen proyecto, que no atenta contra la industria local que tambi\u00e9n puede pedir estos beneficios\u201d manifest\u00f3.<\/p>\n\n\n\n<p>Por su parte el secretario Legal y T\u00e9cnico, Esteban Vitor, puso de relieve que el gobernador Rogelio Frigerio busca herramientas para generar trabajo privado. Vitor defendi\u00f3 la t\u00e9cnica legislativa que incluy\u00f3 en un mismo texto al RIGI y al RINI. En este sentido tambi\u00e9n el ministro de Desarrollo Econ\u00f3mico de Entre R\u00edos, Guillermo Bernaudo, pidi\u00f3 centrar la visi\u00f3n en las ventajas del RINI, para vincular a empresas de escala menor con las de mayores inversiones donde por ejemplo las peque\u00f1as empresas entrerrianas puedan ser proveedoras. El ministro hizo hincapi\u00e9 en que se sumaron ventajas a la Ley de promoci\u00f3n industrial.<\/p>\n\n\n\n<p>Voces a favor<\/p>\n\n\n\n<p>Ante los senadores hicieron uso de la palabra adem\u00e1s, el presidente de la Uni\u00f3n Industrial de Entre R\u00edos, UIER, Gabriel Bourdin; el presidente del Consejo Empresario de Entre R\u00edos CEER, Ramiro Reiss; el vicepresidente de la Bolsa de Comercio de Entre R\u00edos, Alfredo Calabrese, y el presidente de la Federaci\u00f3n Entrerriana de Cooperativas, Fedeco, Ronald Garnier.<\/p>\n\n\n\n<p>Los representantes de las instituciones coincidieron en el beneficio de la ley. \u201cSe necesitan estas herramientas que faciliten el desarrollo de lo privado\u201d enfatiz\u00f3 Reiss, ya que \u201cdesde el sector privado necesitas previsibilidad y visi\u00f3n de futuro\u201d. \u201cUna gran empresa es una locomotora porque peque\u00f1as empresas pueden ser proveedoras o acoplarse al crecimiento de esas empresas que invierten, que adem\u00e1s trabajan en el cuidado del medio ambiente porque es una visi\u00f3n que tienen a largo plazo\u201d defini\u00f3, para se\u00f1alar que la ley no debe verse como una amenaza sino como una oportunidad.<\/p>\n\n\n\n<p>Calabrese habl\u00f3 de la importancia de dinamizar la econom\u00eda desde el sector privado, en tanto Bourdin puso el acento en aumentar el empleo privado, que a diferencia de Santa Fe y C\u00f3rdoba, Entre R\u00edos tiene tres veces m\u00e1s empleo p\u00fablico. \u201cSomos proactivos en el desarrollo de la provincia, y esto es un desaf\u00edo para que estemos a la altura de otros distritos\u201d subray\u00f3.<\/p>\n\n\n\n<p>Por \u00faltimo, el titular de Fedeco agreg\u00f3 que \u201cdesde el cooperativismo lo vemos muy auspicioso porque va a generar beneficios a la provincia\u201d. Garnier puso de relieve que \u201clas empresas que se instalen en Entre R\u00edos tendr\u00e1n dos a\u00f1os de alivio, lo que permitir\u00e1 un crecimiento\u201d.<\/p>\n\n\n\n<p>Hacia el final del encuentro de trabajo, los senadores Jaime Benedetti (Gualeguaych\u00fa \u2013 Juntos por Entre R\u00edos) y Gustavo Vergara (Diamante \u2013 Juntos por Entre R\u00edos). bregaron para estar a la altura de las circunstancias y acompa\u00f1ar el proyecto, en tanto desde el bloque M\u00e1s para Entre R\u00edos, los senadores Sanzberro y Oliva expresaron sus reflexiones en cuanto al proyecto como tambi\u00e9n la responsabilidad de continuar analizando sus alcances en la provincia.<\/p>\n\n\n\n<p>Adem\u00e1s de los legisladores mencionados, participaron en la reuni\u00f3n Ramiro Favre (Col\u00f3n \u2013 Juntos por Entre R\u00edos), Gladys Dom\u00ednguez (Feliciano \u2013 M\u00e1s para Entre R\u00edos), Marcelo Berthet (San Salvador \u2013 M\u00e1s para Entre R\u00edos) y V\u00edctor Sanzberro (Victoria \u2013 M\u00e1s para Entre R\u00edos). As\u00ed tambi\u00e9n se hicieron presentes los senadores Gloria Cozzi (Concordia \u2013 Juntos por Entre R\u00edos), Mart\u00edn Oliva (Uruguay \u2013 M\u00e1s para Entre R\u00edos), Rafael Cavagna (Nogoy\u00e1 \u2013 Juntos por Entre R\u00edos) y Rub\u00e9n M\u00e9ndez (Islas \u2013 Juntos por Entre R\u00edos).<\/p>\n","protected":false},"excerpt":{"rendered":"<p>Este martes se reuni&oacute; la Comisi&oacute;n de Presupuesto y Hacienda para avanzar en el an&aacute;lisis del proyecto de ley, con reciente media sanci&oacute;n de la C&aacute;mara de Diputados, mediante el cual la provincia de Entre R&iacute;os adhiere al &ldquo;R&eacute;gimen de Incentivo para Grandes Inversiones&rdquo; (RIGI) y se crea el &ldquo;R&eacute;gimen de Incentivo a las Nuevas [&hellip;]<\/p>\n","protected":false},"author":2,"featured_media":4229,"comment_status":"open","ping_status":"open","sticky":false,"template":"","format":"standard","meta":{"footnotes":""},"categories":[11,4],"tags":[33,31,1486,288],"class_list":["post-4228","post","type-post","status-publish","format-standard","has-post-thumbnail","hentry","category-politica","category-provinciales","tag-entre-rios","tag-rigi","tag-rini","tag-senado"],"_links":{"self":[{"href":"https:\/\/impactodenoticias.com.ar\/index.php?rest_route=\/wp\/v2\/posts\/4228","targetHints":{"allow":["GET"]}}],"collection":[{"href":"https:\/\/impactodenoticias.com.ar\/index.php?rest_route=\/wp\/v2\/posts"}],"about":[{"href":"https:\/\/impactodenoticias.com.ar\/index.php?rest_route=\/wp\/v2\/types\/post"}],"author":[{"embeddable":true,"href":"https:\/\/impactodenoticias.com.ar\/index.php?rest_route=\/wp\/v2\/users\/2"}],"replies":[{"embeddable":true,"href":"https:\/\/impactodenoticias.com.ar\/index.php?rest_route=%2Fwp%2Fv2%2Fcomments&post=4228"}],"version-history":[{"count":1,"href":"https:\/\/impactodenoticias.com.ar\/index.php?rest_route=\/wp\/v2\/posts\/4228\/revisions"}],"predecessor-version":[{"id":4230,"href":"https:\/\/impactodenoticias.com.ar\/index.php?rest_route=\/wp\/v2\/posts\/4228\/revisions\/4230"}],"wp:featuredmedia":[{"embeddable":true,"href":"https:\/\/impactodenoticias.com.ar\/index.php?rest_route=\/wp\/v2\/media\/4229"}],"wp:attachment":[{"href":"https:\/\/impactodenoticias.com.ar\/index.php?rest_route=%2Fwp%2Fv2%2Fmedia&parent=4228"}],"wp:term":[{"taxonomy":"category","embeddable":true,"href":"https:\/\/impactodenoticias.com.ar\/index.php?rest_route=%2Fwp%2Fv2%2Fcategories&post=4228"},{"taxonomy":"post_tag","embeddable":true,"href":"https:\/\/impactodenoticias.com.ar\/index.php?rest_route=%2Fwp%2Fv2%2Ftags&post=4228"}],"curies":[{"name":"wp","href":"https:\/\/api.w.org\/{rel}","templated":true}]}}