{"id":4245,"date":"2024-09-17T22:34:58","date_gmt":"2024-09-18T01:34:58","guid":{"rendered":"https:\/\/impactodenoticias.com.ar\/?p=4245"},"modified":"2024-09-19T10:17:01","modified_gmt":"2024-09-19T13:17:01","slug":"parana-la-municipalidad-anuncia-cambios-en-el-sistema-de-solicitud-de-turnos-para-los-tramites-de-la-licencia-de-conducir","status":"publish","type":"post","link":"https:\/\/impactodenoticias.com.ar\/?p=4245","title":{"rendered":"Paran\u00e1: la Municipalidad anuncia cambios en el sistema de solicitud de turnos para los tr\u00e1mites de la Licencia de Conducir"},"content":{"rendered":"\n<p><strong>La Municipalidad de Paran\u00e1 informa a la comunidad cambios importantes en el sistema de solicitud de turnos para obtener la licencia de conducir. Durante esta semana, se atender\u00e1n exclusivamente los turnos que hayan sido solicitados antes del 16 de septiembre.<\/strong><\/p>\n\n\n\n<p>A partir del s\u00e1bado 21 de septiembre se pondr\u00e1 en marcha un nuevo sistema de solicitud de turnos en el Registro de Conducir, a trav\u00e9s del portal ciudadano Mi Paran\u00e1. Es por ello que durante esta semana no estar\u00e1 habilitado el turnero.<\/p>\n\n\n\n<p><strong>Informaci\u00f3n importante<\/strong><\/p>\n\n\n\n<p><strong>Atenci\u00f3n especial durante la semana del 16 al 20 de septiembre:<\/strong><\/p>\n\n\n\n<ul class=\"wp-block-list\">\n<li>Atenci\u00f3n de turnos previamente otorgados: Durante esta semana, se atender\u00e1n exclusivamente los turnos que hayan sido solicitados con anterioridad al 16 de septiembre.<\/li>\n\n\n\n<li>Suspensi\u00f3n de nuevos turnos: No se podr\u00e1n solicitar nuevos turnos a trav\u00e9s del sistema de turnos vigente.<\/li>\n<\/ul>\n\n\n\n<p>A partir del 21 de septiembre se pondr\u00e1 en marcha un nuevo sistema de solicitud de turnos para obtener la Licencia de Conducir, a trav\u00e9s del portal ciudadano Mi Paran\u00e1.<\/p>\n\n\n\n<p><strong>Recomendaciones:<\/strong><\/p>\n\n\n\n<ul class=\"wp-block-list\">\n<li>Verificar turnos: Se recomienda a quienes tengan turnos programados para la semana del 16 al 20 de septiembre confirmar la fecha y hora de su atenci\u00f3n.<\/li>\n<\/ul>\n\n\n\n<figure class=\"wp-block-image size-full\"><img loading=\"lazy\" decoding=\"async\" width=\"760\" height=\"427\" src=\"https:\/\/impactodenoticias.com.ar\/wp-content\/uploads\/2024\/09\/598125a61f0b5a288c092cfd5e133a87.jpg\" alt=\"\" class=\"wp-image-4246\" srcset=\"https:\/\/impactodenoticias.com.ar\/wp-content\/uploads\/2024\/09\/598125a61f0b5a288c092cfd5e133a87.jpg 760w, https:\/\/impactodenoticias.com.ar\/wp-content\/uploads\/2024\/09\/598125a61f0b5a288c092cfd5e133a87-300x169.jpg 300w\" sizes=\"auto, (max-width: 760px) 100vw, 760px\" \/><\/figure>\n","protected":false},"excerpt":{"rendered":"<p>La Municipalidad de Paran&aacute; informa a la comunidad cambios importantes en el sistema de solicitud de turnos para obtener la licencia de conducir. Durante esta semana, se atender&aacute;n exclusivamente los turnos que hayan sido solicitados antes del 16 de septiembre. A partir del s&aacute;bado 21 de septiembre se pondr&aacute; en marcha un nuevo sistema de [&hellip;]<\/p>\n","protected":false},"author":2,"featured_media":4247,"comment_status":"open","ping_status":"open","sticky":false,"template":"","format":"standard","meta":{"footnotes":""},"categories":[3,1902],"tags":[1942,95,1941,1940],"class_list":["post-4245","post","type-post","status-publish","format-standard","has-post-thumbnail","hentry","category-locales","category-municipales","tag-conducir","tag-parana","tag-registro","tag-turnos"],"_links":{"self":[{"href":"https:\/\/impactodenoticias.com.ar\/index.php?rest_route=\/wp\/v2\/posts\/4245","targetHints":{"allow":["GET"]}}],"collection":[{"href":"https:\/\/impactodenoticias.com.ar\/index.php?rest_route=\/wp\/v2\/posts"}],"about":[{"href":"https:\/\/impactodenoticias.com.ar\/index.php?rest_route=\/wp\/v2\/types\/post"}],"author":[{"embeddable":true,"href":"https:\/\/impactodenoticias.com.ar\/index.php?rest_route=\/wp\/v2\/users\/2"}],"replies":[{"embeddable":true,"href":"https:\/\/impactodenoticias.com.ar\/index.php?rest_route=%2Fwp%2Fv2%2Fcomments&post=4245"}],"version-history":[{"count":1,"href":"https:\/\/impactodenoticias.com.ar\/index.php?rest_route=\/wp\/v2\/posts\/4245\/revisions"}],"predecessor-version":[{"id":4248,"href":"https:\/\/impactodenoticias.com.ar\/index.php?rest_route=\/wp\/v2\/posts\/4245\/revisions\/4248"}],"wp:featuredmedia":[{"embeddable":true,"href":"https:\/\/impactodenoticias.com.ar\/index.php?rest_route=\/wp\/v2\/media\/4247"}],"wp:attachment":[{"href":"https:\/\/impactodenoticias.com.ar\/index.php?rest_route=%2Fwp%2Fv2%2Fmedia&parent=4245"}],"wp:term":[{"taxonomy":"category","embeddable":true,"href":"https:\/\/impactodenoticias.com.ar\/index.php?rest_route=%2Fwp%2Fv2%2Fcategories&post=4245"},{"taxonomy":"post_tag","embeddable":true,"href":"https:\/\/impactodenoticias.com.ar\/index.php?rest_route=%2Fwp%2Fv2%2Ftags&post=4245"}],"curies":[{"name":"wp","href":"https:\/\/api.w.org\/{rel}","templated":true}]}}