{"id":4255,"date":"2024-09-17T23:12:44","date_gmt":"2024-09-18T02:12:44","guid":{"rendered":"https:\/\/impactodenoticias.com.ar\/?p=4255"},"modified":"2024-10-14T18:31:24","modified_gmt":"2024-10-14T21:31:24","slug":"las-copas-del-mundo-america-y-finalissima-llegan-a-parana-en-un-evento-historico-para-la-ciudad","status":"publish","type":"post","link":"https:\/\/impactodenoticias.com.ar\/?p=4255","title":{"rendered":"Las Copas del Mundo, Am\u00e9rica y Finalissima llegan a Paran\u00e1 en un evento hist\u00f3rico para la ciudad"},"content":{"rendered":"\n<p><strong>Los trofeos obtenidos por Messi y la selecci\u00f3n argentina de f\u00fatbol se exhibir\u00e1n el mi\u00e9rcoles 18 de septiembre en la Sala Mayo, de 10 a 18.<\/strong><\/p>\n\n\n\n<p>Ser\u00e1 una jornada inolvidable, con entrada libre y gratuita. Organizan la Municipalidad y la Liga Paranaense de F\u00fatbol con el respaldo de la Asociaci\u00f3n del F\u00fatbol Argentino (AFA).<\/p>\n\n\n\n<p>Quienes asistan podr\u00e1n, adem\u00e1s de ver las copas, tomarse fotos con ellas. Sin embargo, por cuestiones de seguridad, no se permitir\u00e1 manipular los trofeos. Habr\u00e1 colaboradores en el lugar para facilitar la toma de im\u00e1genes con dispositivos m\u00f3viles para asegurar que todos los presentes puedan llevarse un recuerdo de esta experiencia.<\/p>\n\n\n\n<p>Es importante tener en cuenta que para acceder a la zona donde se exhibir\u00e1n las copas, estar\u00e1 prohibido ingresar con mochilas, bolsos o alimentos. Estas medidas se implementar\u00e1n para garantizar la seguridad y el orden, permitiendo que todos los asistentes disfruten de la jornada sin inconvenientes.<\/p>\n\n\n\n<p>El evento es parte de una gira nacional que ya ha recorrido 26 ciudades del pa\u00eds con la asistencia de m\u00e1s de 600 mil personas.<\/p>\n\n\n\n<p>Por su magnitud, no solo representa una oportunidad \u00fanica para los fan\u00e1ticos del f\u00fatbol, sino tambi\u00e9n un motivo de orgullo para la ciudad de Paran\u00e1, que se suma as\u00ed a la lista de ciudades que han tenido el honor de recibir a estos \u00edconos del deporte mundial.<\/p>\n\n\n\n<p><\/p>\n\n\n\n<figure class=\"wp-block-image size-full\"><img loading=\"lazy\" decoding=\"async\" width=\"760\" height=\"427\" src=\"https:\/\/impactodenoticias.com.ar\/wp-content\/uploads\/2024\/09\/75831dd51c4c5fa04eff44e5f7237e80-1.jpg\" alt=\"\" class=\"wp-image-4256\" srcset=\"https:\/\/impactodenoticias.com.ar\/wp-content\/uploads\/2024\/09\/75831dd51c4c5fa04eff44e5f7237e80-1.jpg 760w, https:\/\/impactodenoticias.com.ar\/wp-content\/uploads\/2024\/09\/75831dd51c4c5fa04eff44e5f7237e80-1-300x169.jpg 300w\" sizes=\"auto, (max-width: 760px) 100vw, 760px\" \/><\/figure>\n","protected":false},"excerpt":{"rendered":"<p>Los trofeos obtenidos por Messi y la selecci&oacute;n argentina de f&uacute;tbol se exhibir&aacute;n el mi&eacute;rcoles 18 de septiembre en la Sala Mayo, de 10 a 18. Ser&aacute; una jornada inolvidable, con entrada libre y gratuita. Organizan la Municipalidad y la Liga Paranaense de F&uacute;tbol con el respaldo de la Asociaci&oacute;n del F&uacute;tbol Argentino (AFA). Quienes [&hellip;]<\/p>\n","protected":false},"author":2,"featured_media":4257,"comment_status":"open","ping_status":"open","sticky":false,"template":"","format":"standard","meta":{"footnotes":""},"categories":[7,3,1902],"tags":[1946,1948,95,1947],"class_list":["post-4255","post","type-post","status-publish","format-standard","has-post-thumbnail","hentry","category-deportes","category-locales","category-municipales","tag-copas","tag-lionel-messi","tag-parana","tag-seleccion-argentina"],"_links":{"self":[{"href":"https:\/\/impactodenoticias.com.ar\/index.php?rest_route=\/wp\/v2\/posts\/4255","targetHints":{"allow":["GET"]}}],"collection":[{"href":"https:\/\/impactodenoticias.com.ar\/index.php?rest_route=\/wp\/v2\/posts"}],"about":[{"href":"https:\/\/impactodenoticias.com.ar\/index.php?rest_route=\/wp\/v2\/types\/post"}],"author":[{"embeddable":true,"href":"https:\/\/impactodenoticias.com.ar\/index.php?rest_route=\/wp\/v2\/users\/2"}],"replies":[{"embeddable":true,"href":"https:\/\/impactodenoticias.com.ar\/index.php?rest_route=%2Fwp%2Fv2%2Fcomments&post=4255"}],"version-history":[{"count":1,"href":"https:\/\/impactodenoticias.com.ar\/index.php?rest_route=\/wp\/v2\/posts\/4255\/revisions"}],"predecessor-version":[{"id":4258,"href":"https:\/\/impactodenoticias.com.ar\/index.php?rest_route=\/wp\/v2\/posts\/4255\/revisions\/4258"}],"wp:featuredmedia":[{"embeddable":true,"href":"https:\/\/impactodenoticias.com.ar\/index.php?rest_route=\/wp\/v2\/media\/4257"}],"wp:attachment":[{"href":"https:\/\/impactodenoticias.com.ar\/index.php?rest_route=%2Fwp%2Fv2%2Fmedia&parent=4255"}],"wp:term":[{"taxonomy":"category","embeddable":true,"href":"https:\/\/impactodenoticias.com.ar\/index.php?rest_route=%2Fwp%2Fv2%2Fcategories&post=4255"},{"taxonomy":"post_tag","embeddable":true,"href":"https:\/\/impactodenoticias.com.ar\/index.php?rest_route=%2Fwp%2Fv2%2Ftags&post=4255"}],"curies":[{"name":"wp","href":"https:\/\/api.w.org\/{rel}","templated":true}]}}