{"id":4259,"date":"2024-09-18T09:33:18","date_gmt":"2024-09-18T12:33:18","guid":{"rendered":"https:\/\/impactodenoticias.com.ar\/?p=4259"},"modified":"2024-09-18T09:33:18","modified_gmt":"2024-09-18T12:33:18","slug":"clima-en-entre-rios-se-pronostica-un-miercoles-caluroso-se-aguarda-hasta-30-y-la-llegada-de-inestabilidades","status":"publish","type":"post","link":"https:\/\/impactodenoticias.com.ar\/?p=4259","title":{"rendered":"Clima en Entre R\u00edos: se pronostica un mi\u00e9rcoles caluroso, se aguarda hasta 30\u00b0 y la llegada de inestabilidades"},"content":{"rendered":"\n<p><strong>El Servicio Meteorol\u00f3gico Nacional \u2013SMN\u2013 pronostica un mi\u00e9rcoles 18 de septiembre con buen tiempo y muy caluroso en Entre R\u00edos. La jornada se presentar\u00e1 parcialmente nublada, pero se informa la llegada de inestabilidades para este jueves.<\/strong><\/p>\n\n\n\n<p>Para esta jornada, el organismo estatal se\u00f1ala que las temperaturas m\u00ednimas se ubicar\u00e1n entre los 14 y 15 grados, mientras que las m\u00e1ximas ser\u00e1n de entre 26 grados en el sur y hasta 30 grados en el centro norte de la provincia.<\/p>\n\n\n\n<p>Para este jueves se espera incluso un aumento de las marcas t\u00e9rmicas, con m\u00e1ximas de hasta 32 grados. Sin embargo, para ma\u00f1ana se prev\u00e9 una suba de la nubosidad y la probabilidad de la llegada de inestabilidades a la provincia y regi\u00f3n.<\/p>\n\n\n\n<p>La principal advertencia meteorol\u00f3gica por inestabilidades se da para horas de la tarde y noche de este jueves. Si bien se espera que se produzcan lluvias en toda la provincia, las principales tormentas llegar\u00edan a los departamentos del norte: Concordia, Federal, Feliciano, Federaci\u00f3n y San Salvador.<\/p>\n\n\n\n<p>Mientras que el viernes, se anticipa una mejora de las condiciones del tiempo. El viento sur provocar\u00e1 un suave descenso de las temperaturas.<\/p>\n\n\n\n<p><\/p>\n\n\n\n<p><strong>Clima en las principales ciudades entrerrianas<\/strong><\/p>\n\n\n\n<p><\/p>\n\n\n\n<figure class=\"wp-block-image size-full\"><img loading=\"lazy\" decoding=\"async\" width=\"678\" height=\"555\" src=\"https:\/\/impactodenoticias.com.ar\/wp-content\/uploads\/2024\/09\/scrnli_18_9_2024_9-31-48.png\" alt=\"\" class=\"wp-image-4260\" srcset=\"https:\/\/impactodenoticias.com.ar\/wp-content\/uploads\/2024\/09\/scrnli_18_9_2024_9-31-48.png 678w, https:\/\/impactodenoticias.com.ar\/wp-content\/uploads\/2024\/09\/scrnli_18_9_2024_9-31-48-300x246.png 300w\" sizes=\"auto, (max-width: 678px) 100vw, 678px\" \/><\/figure>\n","protected":false},"excerpt":{"rendered":"<p>El Servicio Meteorol&oacute;gico Nacional &ndash;SMN&ndash; pronostica un mi&eacute;rcoles 18 de septiembre con buen tiempo y muy caluroso en Entre R&iacute;os. La jornada se presentar&aacute; parcialmente nublada, pero se informa la llegada de inestabilidades para este jueves. Para esta jornada, el organismo estatal se&ntilde;ala que las temperaturas m&iacute;nimas se ubicar&aacute;n entre los 14 y 15 grados, [&hellip;]<\/p>\n","protected":false},"author":2,"featured_media":4261,"comment_status":"open","ping_status":"open","sticky":false,"template":"","format":"standard","meta":{"footnotes":""},"categories":[4,49],"tags":[38,33],"class_list":["post-4259","post","type-post","status-publish","format-standard","has-post-thumbnail","hentry","category-provinciales","category-sociedad","tag-clima","tag-entre-rios"],"_links":{"self":[{"href":"https:\/\/impactodenoticias.com.ar\/index.php?rest_route=\/wp\/v2\/posts\/4259","targetHints":{"allow":["GET"]}}],"collection":[{"href":"https:\/\/impactodenoticias.com.ar\/index.php?rest_route=\/wp\/v2\/posts"}],"about":[{"href":"https:\/\/impactodenoticias.com.ar\/index.php?rest_route=\/wp\/v2\/types\/post"}],"author":[{"embeddable":true,"href":"https:\/\/impactodenoticias.com.ar\/index.php?rest_route=\/wp\/v2\/users\/2"}],"replies":[{"embeddable":true,"href":"https:\/\/impactodenoticias.com.ar\/index.php?rest_route=%2Fwp%2Fv2%2Fcomments&post=4259"}],"version-history":[{"count":1,"href":"https:\/\/impactodenoticias.com.ar\/index.php?rest_route=\/wp\/v2\/posts\/4259\/revisions"}],"predecessor-version":[{"id":4262,"href":"https:\/\/impactodenoticias.com.ar\/index.php?rest_route=\/wp\/v2\/posts\/4259\/revisions\/4262"}],"wp:featuredmedia":[{"embeddable":true,"href":"https:\/\/impactodenoticias.com.ar\/index.php?rest_route=\/wp\/v2\/media\/4261"}],"wp:attachment":[{"href":"https:\/\/impactodenoticias.com.ar\/index.php?rest_route=%2Fwp%2Fv2%2Fmedia&parent=4259"}],"wp:term":[{"taxonomy":"category","embeddable":true,"href":"https:\/\/impactodenoticias.com.ar\/index.php?rest_route=%2Fwp%2Fv2%2Fcategories&post=4259"},{"taxonomy":"post_tag","embeddable":true,"href":"https:\/\/impactodenoticias.com.ar\/index.php?rest_route=%2Fwp%2Fv2%2Ftags&post=4259"}],"curies":[{"name":"wp","href":"https:\/\/api.w.org\/{rel}","templated":true}]}}