{"id":4263,"date":"2024-09-18T09:46:38","date_gmt":"2024-09-18T12:46:38","guid":{"rendered":"https:\/\/impactodenoticias.com.ar\/?p=4263"},"modified":"2024-09-18T09:46:38","modified_gmt":"2024-09-18T12:46:38","slug":"arrestaron-a-un-paranaense-por-el-femicidio-de-florencia-comas-la-joven-con-hipoacusia","status":"publish","type":"post","link":"https:\/\/impactodenoticias.com.ar\/?p=4263","title":{"rendered":"Arrestaron a un paranaense por el femicidio de Florencia Comas, la joven con hipoacusia"},"content":{"rendered":"\n<p><strong>El hombre detenido es oriundo de la ciudad de paran\u00e1 y qued\u00f3 a disposici\u00f3n de la Justicia, luego de ser arrestado en Rosario.<\/strong><\/p>\n\n\n\n<p>Florencia Comas, una joven hipoac\u00fasica de 27 a\u00f1os de San Nicol\u00e1s, fue encontrada muerta el viernes pasado, despu\u00e9s de desaparecer el d\u00eda anterior. Su marido, que tambi\u00e9n es hipoac\u00fasico, not\u00f3 su ausencia cuando no lleg\u00f3 a buscar a su hija en un jard\u00edn de infantes de la zona, luego de que lo dejara esa misma ma\u00f1ana. Su pareja report\u00f3 su desaparici\u00f3n a la Polic\u00eda Bonaerense.<\/p>\n\n\n\n<p><\/p>\n\n\n\n<figure class=\"wp-block-image size-full\"><img loading=\"lazy\" decoding=\"async\" width=\"960\" height=\"640\" src=\"https:\/\/impactodenoticias.com.ar\/wp-content\/uploads\/2024\/09\/872961-18c.jpg\" alt=\"\" class=\"wp-image-4264\" srcset=\"https:\/\/impactodenoticias.com.ar\/wp-content\/uploads\/2024\/09\/872961-18c.jpg 960w, https:\/\/impactodenoticias.com.ar\/wp-content\/uploads\/2024\/09\/872961-18c-300x200.jpg 300w, https:\/\/impactodenoticias.com.ar\/wp-content\/uploads\/2024\/09\/872961-18c-768x512.jpg 768w\" sizes=\"auto, (max-width: 960px) 100vw, 960px\" \/><\/figure>\n\n\n\n<p><\/p>\n\n\n\n<p>De esta manera se inici\u00f3 la b\u00fasqueda, su cad\u00e1ver fue encontrado envuelto en una s\u00e1bana color rosa en el camino de tierra que conduce a la planta de tratamiento de residuos de San Nicol\u00e1s por un trabajador del lugar. El forense que analiz\u00f3 el cuerpo en el lugar lo not\u00f3 r\u00e1pidamente: presentaba marcas de ataduras en varios puntos. Una bolsa cubr\u00eda su cabeza, lo que llev\u00f3 a pensar que Florencia fue torturada antes de su muerte. No estaba su celular junto a ella. Solo llevaba una pulsera con su nombre, la que llevaba siempre, que dec\u00eda \u201cSoledad\u201d. La autopsia determin\u00f3 que Soledad fue asesinada mediante una asfixia mec\u00e1nica. Su cuerpo no present\u00f3 signos de defensa.<\/p>\n\n\n\n<p>Hoy martes, la DDI de San Nicol\u00e1s detuvo en Rosario a Walter Roberto Sol\u00eds, un paranaense de 35 a\u00f1os, ex empleado de una empresa de instalaciones el\u00e9ctricas, quien ser\u00eda el principal sospechoso del femicidio, y considerado el presunto autor, seg\u00fan confirmaron fuentes policiales. Por lo pronto, hay datos en la causa que indican que Soledad conoc\u00eda a su asesino y que ten\u00edan un v\u00ednculo de larga data. Un video hallado por la pareja de la v\u00edctima tiempo antes del crimen permiti\u00f3 dar con el paranaense sospechado.<\/p>\n\n\n\n<p>La propia familia de Florencia reconoci\u00f3 el cuerpo en el lugar del hallazgo: la \u00faltima conexi\u00f3n de WhatsApp de su tel\u00e9fono se hab\u00eda hecho a las 8:28 del jueves pasado.<\/p>\n\n\n\n<p>Una vecina de la v\u00edctima afirm\u00f3 que la vio abordar un colectivo de la l\u00ednea 504 el jueves pasado a las 8:10. Soledad, en ese momento, estaba vestida con una campera inflable negra y un jean azul. La vecina tom\u00f3 el colectivo junto a ella. Ante la Justicia, la testigo cont\u00f3 que cuando baj\u00f3 en la esquina de Mitre y Urquiza, Soledad segu\u00eda all\u00ed, sentada en la \u00faltima fila. La campera negra y el jean azul, precisamente, fueron encontradas en el cad\u00e1ver.<\/p>\n\n\n\n<p>La DDI continu\u00f3 el relevo de c\u00e1maras seg\u00fan el recorrido de ese colectivo, con tareas encubiertas en barrios como San Francisco, San Jorge y Barrio Suizo. Mientras tanto, psic\u00f3logos del Ministerio de Seguridad bonaerense conten\u00edan a la familia. Los datos de tarjeta SUBE de los pasajeros de ese colectivo tambi\u00e9n fueron relevados. Mientras tanto varias personas de la comunidad hipoac\u00fasica de San Nicol\u00e1s declaraban en el expediente. El video que estaba en poder de su marido fue exhibido a estos testigos: reconocieron por sus tatuajes al hombre que estaba con Soledad. No dudaron en nombrarlo. Era Walter Sol\u00eds.<\/p>\n\n\n\n<p>La ex pareja de Sol\u00eds tambi\u00e9n declar\u00f3. Reconoci\u00f3 la s\u00e1bana rosa con la que el cuerpo de Florencia fue envuelto. Adem\u00e1s del gusto de su ex por el sadomasoquismo y el sexo violento.<\/p>\n","protected":false},"excerpt":{"rendered":"<p>El hombre detenido es oriundo de la ciudad de paran&aacute; y qued&oacute; a disposici&oacute;n de la Justicia, luego de ser arrestado en Rosario. Florencia Comas, una joven hipoac&uacute;sica de 27 a&ntilde;os de San Nicol&aacute;s, fue encontrada muerta el viernes pasado, despu&eacute;s de desaparecer el d&iacute;a anterior. Su marido, que tambi&eacute;n es hipoac&uacute;sico, not&oacute; su ausencia [&hellip;]<\/p>\n","protected":false},"author":2,"featured_media":4265,"comment_status":"open","ping_status":"open","sticky":false,"template":"","format":"standard","meta":{"footnotes":""},"categories":[90,10,8],"tags":[1003,1949,1952,1950,1953],"class_list":["post-4263","post","type-post","status-publish","format-standard","has-post-thumbnail","hentry","category-judicial","category-nacionales","category-policiales","tag-detencion","tag-florencia-comas","tag-paranaense","tag-san-nicolas","tag-walter-roberto-solis"],"_links":{"self":[{"href":"https:\/\/impactodenoticias.com.ar\/index.php?rest_route=\/wp\/v2\/posts\/4263","targetHints":{"allow":["GET"]}}],"collection":[{"href":"https:\/\/impactodenoticias.com.ar\/index.php?rest_route=\/wp\/v2\/posts"}],"about":[{"href":"https:\/\/impactodenoticias.com.ar\/index.php?rest_route=\/wp\/v2\/types\/post"}],"author":[{"embeddable":true,"href":"https:\/\/impactodenoticias.com.ar\/index.php?rest_route=\/wp\/v2\/users\/2"}],"replies":[{"embeddable":true,"href":"https:\/\/impactodenoticias.com.ar\/index.php?rest_route=%2Fwp%2Fv2%2Fcomments&post=4263"}],"version-history":[{"count":1,"href":"https:\/\/impactodenoticias.com.ar\/index.php?rest_route=\/wp\/v2\/posts\/4263\/revisions"}],"predecessor-version":[{"id":4266,"href":"https:\/\/impactodenoticias.com.ar\/index.php?rest_route=\/wp\/v2\/posts\/4263\/revisions\/4266"}],"wp:featuredmedia":[{"embeddable":true,"href":"https:\/\/impactodenoticias.com.ar\/index.php?rest_route=\/wp\/v2\/media\/4265"}],"wp:attachment":[{"href":"https:\/\/impactodenoticias.com.ar\/index.php?rest_route=%2Fwp%2Fv2%2Fmedia&parent=4263"}],"wp:term":[{"taxonomy":"category","embeddable":true,"href":"https:\/\/impactodenoticias.com.ar\/index.php?rest_route=%2Fwp%2Fv2%2Fcategories&post=4263"},{"taxonomy":"post_tag","embeddable":true,"href":"https:\/\/impactodenoticias.com.ar\/index.php?rest_route=%2Fwp%2Fv2%2Ftags&post=4263"}],"curies":[{"name":"wp","href":"https:\/\/api.w.org\/{rel}","templated":true}]}}