{"id":4273,"date":"2024-09-18T10:00:39","date_gmt":"2024-09-18T13:00:39","guid":{"rendered":"https:\/\/impactodenoticias.com.ar\/?p=4273"},"modified":"2024-09-18T10:00:40","modified_gmt":"2024-09-18T13:00:40","slug":"calle-carbo-de-parana-permanecera-cortada-este-miercoles","status":"publish","type":"post","link":"https:\/\/impactodenoticias.com.ar\/?p=4273","title":{"rendered":"Calle Carb\u00f3 de Paran\u00e1 permanecer\u00e1 cortada este mi\u00e9rcoles"},"content":{"rendered":"\n<h3 class=\"wp-block-heading\">La Municipalidad de Paran\u00e1 lleva a cabo un corte en calle Carb\u00f3 este mi\u00e9rcoles, debido a tareas por parte de Obras Sanitarias.<\/h3>\n\n\n\n<p>Trabajadores de Obras Sanitarias y Servicios P\u00fablicos reparan cloacas en esa arteria, entre calles 9 de Julio y Belgrano. Los trabajos se realizar\u00e1n durante la ma\u00f1ana.<\/p>\n\n\n\n<p>Noticia en desarrollo.<\/p>\n","protected":false},"excerpt":{"rendered":"<p>La Municipalidad de Paran&aacute; lleva a cabo un corte en calle Carb&oacute; este mi&eacute;rcoles, debido a tareas por parte de Obras Sanitarias. Trabajadores de Obras Sanitarias y Servicios P&uacute;blicos reparan cloacas en esa arteria, entre calles 9 de Julio y Belgrano. Los trabajos se realizar&aacute;n durante la ma&ntilde;ana. Noticia en desarrollo.<\/p>\n","protected":false},"author":2,"featured_media":4274,"comment_status":"open","ping_status":"open","sticky":false,"template":"","format":"standard","meta":{"footnotes":""},"categories":[49],"tags":[1959,882,1233,95,866],"class_list":["post-4273","post","type-post","status-publish","format-standard","has-post-thumbnail","hentry","category-sociedad","tag-calle-carbo","tag-corte","tag-obras-sanitarias","tag-parana","tag-tareas"],"_links":{"self":[{"href":"https:\/\/impactodenoticias.com.ar\/index.php?rest_route=\/wp\/v2\/posts\/4273","targetHints":{"allow":["GET"]}}],"collection":[{"href":"https:\/\/impactodenoticias.com.ar\/index.php?rest_route=\/wp\/v2\/posts"}],"about":[{"href":"https:\/\/impactodenoticias.com.ar\/index.php?rest_route=\/wp\/v2\/types\/post"}],"author":[{"embeddable":true,"href":"https:\/\/impactodenoticias.com.ar\/index.php?rest_route=\/wp\/v2\/users\/2"}],"replies":[{"embeddable":true,"href":"https:\/\/impactodenoticias.com.ar\/index.php?rest_route=%2Fwp%2Fv2%2Fcomments&post=4273"}],"version-history":[{"count":1,"href":"https:\/\/impactodenoticias.com.ar\/index.php?rest_route=\/wp\/v2\/posts\/4273\/revisions"}],"predecessor-version":[{"id":4275,"href":"https:\/\/impactodenoticias.com.ar\/index.php?rest_route=\/wp\/v2\/posts\/4273\/revisions\/4275"}],"wp:featuredmedia":[{"embeddable":true,"href":"https:\/\/impactodenoticias.com.ar\/index.php?rest_route=\/wp\/v2\/media\/4274"}],"wp:attachment":[{"href":"https:\/\/impactodenoticias.com.ar\/index.php?rest_route=%2Fwp%2Fv2%2Fmedia&parent=4273"}],"wp:term":[{"taxonomy":"category","embeddable":true,"href":"https:\/\/impactodenoticias.com.ar\/index.php?rest_route=%2Fwp%2Fv2%2Fcategories&post=4273"},{"taxonomy":"post_tag","embeddable":true,"href":"https:\/\/impactodenoticias.com.ar\/index.php?rest_route=%2Fwp%2Fv2%2Ftags&post=4273"}],"curies":[{"name":"wp","href":"https:\/\/api.w.org\/{rel}","templated":true}]}}