{"id":4281,"date":"2024-09-18T11:08:20","date_gmt":"2024-09-18T14:08:20","guid":{"rendered":"https:\/\/impactodenoticias.com.ar\/?p=4281"},"modified":"2024-09-18T11:08:21","modified_gmt":"2024-09-18T14:08:21","slug":"este-jueves-se-llevara-a-cabo-un-encuentro-provincial-de-trabajadores-municipales-nucleados-en-ate","status":"publish","type":"post","link":"https:\/\/impactodenoticias.com.ar\/?p=4281","title":{"rendered":"Este jueves se llevar\u00e1 a cabo un encuentro provincial de trabajadores municipales nucleados en ATE"},"content":{"rendered":"\n<p><strong>Las negociaciones colectivas en cada uno de los municipios, la cuesti\u00f3n salarial, la realidad contractual del universo de trabajadores que se desempe\u00f1an en las diferentes localidades y la reforma previsional que impulsa el Gobierno provincial son parte del temario que se abordar\u00e1.<\/strong><\/p>\n\n\n\n<p>El encuentro provincial de trabajadores municipales nucleados en la Asociaci\u00f3n de Trabajadores del Estado (ATE) se realizar\u00e1 este jueves 19 a partir de las 9 en la sede ubicada en calle Col\u00f3n 59 de la ciudad de Paran\u00e1.<\/p>\n\n\n\n<p>La reuni\u00f3n tiene como objetivo fortalecer la organizaci\u00f3n y la participaci\u00f3n de los trabajadores municipales en ATE y avanzar hacia los Convenios Colectivos de Trabajo en los municipios entrerrianos.<\/p>\n\n\n\n<p><strong>El temario que se abordar\u00e1 es el siguiente:<\/strong><\/p>\n\n\n\n<ul class=\"wp-block-list\">\n<li>Rechazo a la modificaci\u00f3n de la Ley Previsional en la provincia de Entre R\u00edos. &#8211; Presentaci\u00f3n de Informe por localidad.<\/li>\n\n\n\n<li>Salarios municipales<\/li>\n\n\n\n<li>Diversas situaciones contractuales en los distintos municipios.<\/li>\n\n\n\n<li>Rol de ATE en las negociaciones colectivas en cada territorio. -Implementaci\u00f3n de Protocolos contra las violencias en los \u00e1mbitos laborales.<\/li>\n<\/ul>\n\n\n\n<p><\/p>\n\n\n\n<figure class=\"wp-block-image size-full\"><img loading=\"lazy\" decoding=\"async\" width=\"992\" height=\"992\" src=\"https:\/\/impactodenoticias.com.ar\/wp-content\/uploads\/2024\/09\/ATE.webp\" alt=\"\" class=\"wp-image-4282\" srcset=\"https:\/\/impactodenoticias.com.ar\/wp-content\/uploads\/2024\/09\/ATE.webp 992w, https:\/\/impactodenoticias.com.ar\/wp-content\/uploads\/2024\/09\/ATE-300x300.webp 300w, https:\/\/impactodenoticias.com.ar\/wp-content\/uploads\/2024\/09\/ATE-150x150.webp 150w, https:\/\/impactodenoticias.com.ar\/wp-content\/uploads\/2024\/09\/ATE-768x768.webp 768w\" sizes=\"auto, (max-width: 992px) 100vw, 992px\" \/><\/figure>\n","protected":false},"excerpt":{"rendered":"<p>Las negociaciones colectivas en cada uno de los municipios, la cuesti&oacute;n salarial, la realidad contractual del universo de trabajadores que se desempe&ntilde;an en las diferentes localidades y la reforma previsional que impulsa el Gobierno provincial son parte del temario que se abordar&aacute;. El encuentro provincial de trabajadores municipales nucleados en la Asociaci&oacute;n de Trabajadores del [&hellip;]<\/p>\n","protected":false},"author":2,"featured_media":4283,"comment_status":"open","ping_status":"open","sticky":false,"template":"","format":"standard","meta":{"footnotes":""},"categories":[91,1902,4],"tags":[103,659,33,1960,95],"class_list":["post-4281","post","type-post","status-publish","format-standard","has-post-thumbnail","hentry","category-gremiales","category-municipales","category-provinciales","tag-ate","tag-encuentro","tag-entre-rios","tag-municipales","tag-parana"],"_links":{"self":[{"href":"https:\/\/impactodenoticias.com.ar\/index.php?rest_route=\/wp\/v2\/posts\/4281","targetHints":{"allow":["GET"]}}],"collection":[{"href":"https:\/\/impactodenoticias.com.ar\/index.php?rest_route=\/wp\/v2\/posts"}],"about":[{"href":"https:\/\/impactodenoticias.com.ar\/index.php?rest_route=\/wp\/v2\/types\/post"}],"author":[{"embeddable":true,"href":"https:\/\/impactodenoticias.com.ar\/index.php?rest_route=\/wp\/v2\/users\/2"}],"replies":[{"embeddable":true,"href":"https:\/\/impactodenoticias.com.ar\/index.php?rest_route=%2Fwp%2Fv2%2Fcomments&post=4281"}],"version-history":[{"count":1,"href":"https:\/\/impactodenoticias.com.ar\/index.php?rest_route=\/wp\/v2\/posts\/4281\/revisions"}],"predecessor-version":[{"id":4284,"href":"https:\/\/impactodenoticias.com.ar\/index.php?rest_route=\/wp\/v2\/posts\/4281\/revisions\/4284"}],"wp:featuredmedia":[{"embeddable":true,"href":"https:\/\/impactodenoticias.com.ar\/index.php?rest_route=\/wp\/v2\/media\/4283"}],"wp:attachment":[{"href":"https:\/\/impactodenoticias.com.ar\/index.php?rest_route=%2Fwp%2Fv2%2Fmedia&parent=4281"}],"wp:term":[{"taxonomy":"category","embeddable":true,"href":"https:\/\/impactodenoticias.com.ar\/index.php?rest_route=%2Fwp%2Fv2%2Fcategories&post=4281"},{"taxonomy":"post_tag","embeddable":true,"href":"https:\/\/impactodenoticias.com.ar\/index.php?rest_route=%2Fwp%2Fv2%2Ftags&post=4281"}],"curies":[{"name":"wp","href":"https:\/\/api.w.org\/{rel}","templated":true}]}}