{"id":4297,"date":"2024-09-18T11:54:48","date_gmt":"2024-09-18T14:54:48","guid":{"rendered":"https:\/\/impactodenoticias.com.ar\/?p=4297"},"modified":"2024-09-19T10:15:57","modified_gmt":"2024-09-19T13:15:57","slug":"entre-rios-solicitara-postergar-la-vigencia-de-la-normativa-que-impide-el-cobro-de-tasas-por-parte-de-los-municipios","status":"publish","type":"post","link":"https:\/\/impactodenoticias.com.ar\/?p=4297","title":{"rendered":"Entre R\u00edos solicitar\u00e1 postergar la vigencia de la normativa que impide el cobro de tasas por parte de los municipios"},"content":{"rendered":"\n<h3 class=\"wp-block-heading\">El gobernador Rogelio Frigerio presidi\u00f3 en la tarde de ayer, una reuni\u00f3n con intendentes a fin de analizar la resoluci\u00f3n del Ministerio de Econom\u00eda que impide que se cobren tasas municipales en la boleta de la luz.<\/h3>\n\n\n\n<p>La Provincia pedir\u00e1 ampliar el plazo de gracia para que entre en vigencia, mientras una mesa con representaci\u00f3n multipartidaria abordar\u00e1 la medida del gobierno nacional.<\/p>\n\n\n\n<p>Fuentes oficiales indicaron que, como conclusi\u00f3n del encuentro, Entre R\u00edos pedir\u00e1 a Naci\u00f3n postergar el plazo de entrada en vigencia de la resoluci\u00f3n de 30 d\u00edas a 120.<\/p>\n\n\n\n<p>Cada espacio pol\u00edtico designar\u00e1 tres intendentes para abordar el tema. La cuesti\u00f3n, entienden en el Gobierno, tiene muchas aristas distintas que deben ser atendidas con la debida particularidad.<\/p>\n\n\n\n<p>La Provincia desarrollar\u00e1 varios planes para atender todos los escenarios, precisaron fuentes de la Gobernaci\u00f3n. Esto hay que hacerlo, resaltaron, en articulaci\u00f3n con los municipios.<\/p>\n\n\n\n<p>Mientras tanto un Juez de la ciudad bonaerense de Campana, hizo lugar al pedido del Municipio de Pilar y suspendi\u00f3 la resoluci\u00f3n del Gobierno que imped\u00eda a los municipios a cobrar tasas en las facturas de servicios.<\/p>\n\n\n\n<p>El titular del Juzgado Federal de Campana, Adri\u00e1n Gonz\u00e1lez Charvay, hizo lugar al pedido del municipio de Pilar y suspendi\u00f3 la resoluci\u00f3n del Gobierno que imped\u00eda a los municipios cobrar tasas en las facturas de servicios.<\/p>\n","protected":false},"excerpt":{"rendered":"<p>El gobernador Rogelio Frigerio presidi&oacute; en la tarde de ayer, una reuni&oacute;n con intendentes a fin de analizar la resoluci&oacute;n del Ministerio de Econom&iacute;a que impide que se cobren tasas municipales en la boleta de la luz. La Provincia pedir&aacute; ampliar el plazo de gracia para que entre en vigencia, mientras una mesa con representaci&oacute;n [&hellip;]<\/p>\n","protected":false},"author":2,"featured_media":4298,"comment_status":"open","ping_status":"open","sticky":false,"template":"","format":"standard","meta":{"footnotes":""},"categories":[11,4],"tags":[1971,363,33,1337,1972,853,1969,39,497],"class_list":["post-4297","post","type-post","status-publish","format-standard","has-post-thumbnail","hentry","category-politica","category-provinciales","tag-campana","tag-cobro","tag-entre-rios","tag-juez","tag-municipalidad-de-pilar","tag-municipios","tag-postergacion","tag-rogelio-frigerio","tag-tasas"],"_links":{"self":[{"href":"https:\/\/impactodenoticias.com.ar\/index.php?rest_route=\/wp\/v2\/posts\/4297","targetHints":{"allow":["GET"]}}],"collection":[{"href":"https:\/\/impactodenoticias.com.ar\/index.php?rest_route=\/wp\/v2\/posts"}],"about":[{"href":"https:\/\/impactodenoticias.com.ar\/index.php?rest_route=\/wp\/v2\/types\/post"}],"author":[{"embeddable":true,"href":"https:\/\/impactodenoticias.com.ar\/index.php?rest_route=\/wp\/v2\/users\/2"}],"replies":[{"embeddable":true,"href":"https:\/\/impactodenoticias.com.ar\/index.php?rest_route=%2Fwp%2Fv2%2Fcomments&post=4297"}],"version-history":[{"count":1,"href":"https:\/\/impactodenoticias.com.ar\/index.php?rest_route=\/wp\/v2\/posts\/4297\/revisions"}],"predecessor-version":[{"id":4299,"href":"https:\/\/impactodenoticias.com.ar\/index.php?rest_route=\/wp\/v2\/posts\/4297\/revisions\/4299"}],"wp:featuredmedia":[{"embeddable":true,"href":"https:\/\/impactodenoticias.com.ar\/index.php?rest_route=\/wp\/v2\/media\/4298"}],"wp:attachment":[{"href":"https:\/\/impactodenoticias.com.ar\/index.php?rest_route=%2Fwp%2Fv2%2Fmedia&parent=4297"}],"wp:term":[{"taxonomy":"category","embeddable":true,"href":"https:\/\/impactodenoticias.com.ar\/index.php?rest_route=%2Fwp%2Fv2%2Fcategories&post=4297"},{"taxonomy":"post_tag","embeddable":true,"href":"https:\/\/impactodenoticias.com.ar\/index.php?rest_route=%2Fwp%2Fv2%2Ftags&post=4297"}],"curies":[{"name":"wp","href":"https:\/\/api.w.org\/{rel}","templated":true}]}}