{"id":4300,"date":"2024-09-18T17:52:33","date_gmt":"2024-09-18T20:52:33","guid":{"rendered":"https:\/\/impactodenoticias.com.ar\/?p=4300"},"modified":"2024-09-18T17:52:35","modified_gmt":"2024-09-18T20:52:35","slug":"buscan-intensamente-a-un-hombre-que-salio-a-pescar-con-amigos-y-cayo-al-rio-parana","status":"publish","type":"post","link":"https:\/\/impactodenoticias.com.ar\/?p=4300","title":{"rendered":"Buscan intensamente a un hombre que sali\u00f3 a pescar con amigos y cay\u00f3 al r\u00edo Paran\u00e1"},"content":{"rendered":"\n<h3 class=\"wp-block-heading\">Cuatro personas que residen en Buenos Aires salieron de pesca y, tras darse vuelta una canoa, uno de ellos cay\u00f3 al r\u00edo. Prefectura y la Polic\u00eda de Entre R\u00edos llevann a cabo una intensa b\u00fasqueda en el sur entrerriano.<\/h3>\n\n\n\n<p>Desde las primeras horas del mi\u00e9rcoles, la Prefectura con asiento en Z\u00e1rate y la Polic\u00eda de Entre R\u00edos buscan por tierra y agua a un hombre de 45 a\u00f1os de edad, que se encuentra desaparecido en aguas del r\u00edo Paran\u00e1 Guaz\u00fa.<\/p>\n\n\n\n<p>Cuatro hombres de nacionalidad paraguaya, de 63, 62, 49 y 45 a\u00f1os, quienes actualmente residen en el partido de La Matanza (provincia de Buenos Aires), fueron de pesca y dos de ellos salieron embarcados durante la madrugada, la canoa en la que se trasladaban se dio vuelta y solo uno de ellos pudo salir a flote.<\/p>\n\n\n\n<p>El hecho sucedi\u00f3 a la altura del kil\u00f3metro 173, sobre el margen izquierdo del r\u00edo que por jurisdicci\u00f3n corresponde a Entre R\u00edos, donde ambos pescadores sufrieron un imprevisto con la embarcaci\u00f3n.<\/p>\n\n\n\n<p>La causa se encuentra en manos de la Unidad Fiscal de Islas del Ibicuy, a cargo de Gast\u00f3n Popelka.<\/p>\n","protected":false},"excerpt":{"rendered":"<p>Cuatro personas que residen en Buenos Aires salieron de pesca y, tras darse vuelta una canoa, uno de ellos cay&oacute; al r&iacute;o. Prefectura y la Polic&iacute;a de Entre R&iacute;os llevann a cabo una intensa b&uacute;squeda en el sur entrerriano. Desde las primeras horas del mi&eacute;rcoles, la Prefectura con asiento en Z&aacute;rate y la Polic&iacute;a de [&hellip;]<\/p>\n","protected":false},"author":2,"featured_media":4301,"comment_status":"open","ping_status":"open","sticky":false,"template":"","format":"standard","meta":{"footnotes":""},"categories":[8,4],"tags":[251,33,1974,426,662,1973],"class_list":["post-4300","post","type-post","status-publish","format-standard","has-post-thumbnail","hentry","category-policiales","category-provinciales","tag-busqueda","tag-entre-rios","tag-pescador","tag-policia","tag-prefectura","tag-rio-parana-guazu"],"_links":{"self":[{"href":"https:\/\/impactodenoticias.com.ar\/index.php?rest_route=\/wp\/v2\/posts\/4300","targetHints":{"allow":["GET"]}}],"collection":[{"href":"https:\/\/impactodenoticias.com.ar\/index.php?rest_route=\/wp\/v2\/posts"}],"about":[{"href":"https:\/\/impactodenoticias.com.ar\/index.php?rest_route=\/wp\/v2\/types\/post"}],"author":[{"embeddable":true,"href":"https:\/\/impactodenoticias.com.ar\/index.php?rest_route=\/wp\/v2\/users\/2"}],"replies":[{"embeddable":true,"href":"https:\/\/impactodenoticias.com.ar\/index.php?rest_route=%2Fwp%2Fv2%2Fcomments&post=4300"}],"version-history":[{"count":1,"href":"https:\/\/impactodenoticias.com.ar\/index.php?rest_route=\/wp\/v2\/posts\/4300\/revisions"}],"predecessor-version":[{"id":4302,"href":"https:\/\/impactodenoticias.com.ar\/index.php?rest_route=\/wp\/v2\/posts\/4300\/revisions\/4302"}],"wp:featuredmedia":[{"embeddable":true,"href":"https:\/\/impactodenoticias.com.ar\/index.php?rest_route=\/wp\/v2\/media\/4301"}],"wp:attachment":[{"href":"https:\/\/impactodenoticias.com.ar\/index.php?rest_route=%2Fwp%2Fv2%2Fmedia&parent=4300"}],"wp:term":[{"taxonomy":"category","embeddable":true,"href":"https:\/\/impactodenoticias.com.ar\/index.php?rest_route=%2Fwp%2Fv2%2Fcategories&post=4300"},{"taxonomy":"post_tag","embeddable":true,"href":"https:\/\/impactodenoticias.com.ar\/index.php?rest_route=%2Fwp%2Fv2%2Ftags&post=4300"}],"curies":[{"name":"wp","href":"https:\/\/api.w.org\/{rel}","templated":true}]}}