{"id":4303,"date":"2024-09-18T17:59:13","date_gmt":"2024-09-18T20:59:13","guid":{"rendered":"https:\/\/impactodenoticias.com.ar\/?p=4303"},"modified":"2024-09-19T11:15:14","modified_gmt":"2024-09-19T14:15:14","slug":"la-municipalidad-de-parana-propuso-una-oferta-salarial-a-los-gremios-sin-embargo-no-hubo-acuerdo-y-se-volveran-a-reunir-este-jueves","status":"publish","type":"post","link":"https:\/\/impactodenoticias.com.ar\/?p=4303","title":{"rendered":"La Municipalidad de Paran\u00e1 propuso una oferta salarial a los gremios sin embargo no hubo acuerdo y se volver\u00e1n a reunir este jueves"},"content":{"rendered":"\n<p><strong>El Ejecutivo local elev\u00f3 una propuesta de recomposici\u00f3n en dos tramos y abordaronel tema de la ordenanza de ascensos. Este jueves volver\u00e1n a reunirse.<\/strong><\/p>\n\n\n\n<p>Los sindicatos y el Ejecutivo Municipal se reunieron nuevamente este mi\u00e9rcoles para concretar una nueva mesa de di\u00e1logo salarial.<\/p>\n\n\n\n<p>Habi\u00e9ndose conocido el \u00edndice inflacionario, el Ejecutivo ofreci\u00f3 una mejora salarial de un 8% dividido en dos tramos (4% en septiembre y 4% en el mes de octubre) y la incorporaci\u00f3n del adicional \u00fanico como c\u00f3digo remunerativo y bonificable.<\/p>\n\n\n\n<p>No obstante, los gremios no se mostraron conformes con la oferta y el encuentro pas\u00f3 a cuarto intermedio hasta este jueves al mediod\u00eda.<\/p>\n\n\n\n<p>Entre otros temas que formaron parte del encuentro, adem\u00e1s se inform\u00f3 sobre el avance de la Ordenanza de Ascenso Autom\u00e1tico para poder liquidarlo en los haberes de los meses de octubre y noviembre.<\/p>\n\n\n\n<p>Cumpliendo con el compromiso asumido con las entidades sindicales en la \u00faltima acta acuerdo de la mesa, el Ejecutivo Municipal concret\u00f3 otra reuni\u00f3n con representantes de los cuatro gremios, despu\u00e9s de conocerse el \u00edndice de inflaci\u00f3n correspondiente al mes de agosto.<\/p>\n\n\n\n<p>En lo que va del a\u00f1o 2024, seg\u00fan se\u00f1alaron desde la Municipalidad, los aumentos acumulados al salario municipal son del 99,22%, guarismo que supera el \u00edndice de inflaci\u00f3n del a\u00f1o en curso en un 94,73%.<\/p>\n\n\n\n<p>Adem\u00e1s, en los meses de agosto y septiembre los trabajadores municipales recibieron una suma fija de 50 mil pesos.<\/p>\n\n\n\n<p>La delegada municipal de ATE, Malena Turello, inform\u00f3 que los gremios consideraron \u201cinsuficiente\u201d la propuesta. \u201cPresentamos nuestra propuesta con la incoorpaci\u00f3n de otros puntos m\u00e1s all\u00e1 de lo salarial y el Ejecutivo las va a analizar\u201d, indic\u00f3.<\/p>\n","protected":false},"excerpt":{"rendered":"<p>El Ejecutivo local elev&oacute; una propuesta de recomposici&oacute;n en dos tramos y abordaronel tema de la ordenanza de ascensos. Este jueves volver&aacute;n a reunirse. Los sindicatos y el Ejecutivo Municipal se reunieron nuevamente este mi&eacute;rcoles para concretar una nueva mesa de di&aacute;logo salarial. Habi&eacute;ndose conocido el &iacute;ndice inflacionario, el Ejecutivo ofreci&oacute; una mejora salarial de [&hellip;]<\/p>\n","protected":false},"author":2,"featured_media":4304,"comment_status":"open","ping_status":"open","sticky":false,"template":"","format":"standard","meta":{"footnotes":""},"categories":[91,3,1902],"tags":[607,902,102,777,95,1975],"class_list":["post-4303","post","type-post","status-publish","format-standard","has-post-thumbnail","hentry","category-gremiales","category-locales","category-municipales","tag-acuerdo","tag-gremios","tag-municipalidad","tag-oferta","tag-parana","tag-sin"],"_links":{"self":[{"href":"https:\/\/impactodenoticias.com.ar\/index.php?rest_route=\/wp\/v2\/posts\/4303","targetHints":{"allow":["GET"]}}],"collection":[{"href":"https:\/\/impactodenoticias.com.ar\/index.php?rest_route=\/wp\/v2\/posts"}],"about":[{"href":"https:\/\/impactodenoticias.com.ar\/index.php?rest_route=\/wp\/v2\/types\/post"}],"author":[{"embeddable":true,"href":"https:\/\/impactodenoticias.com.ar\/index.php?rest_route=\/wp\/v2\/users\/2"}],"replies":[{"embeddable":true,"href":"https:\/\/impactodenoticias.com.ar\/index.php?rest_route=%2Fwp%2Fv2%2Fcomments&post=4303"}],"version-history":[{"count":1,"href":"https:\/\/impactodenoticias.com.ar\/index.php?rest_route=\/wp\/v2\/posts\/4303\/revisions"}],"predecessor-version":[{"id":4305,"href":"https:\/\/impactodenoticias.com.ar\/index.php?rest_route=\/wp\/v2\/posts\/4303\/revisions\/4305"}],"wp:featuredmedia":[{"embeddable":true,"href":"https:\/\/impactodenoticias.com.ar\/index.php?rest_route=\/wp\/v2\/media\/4304"}],"wp:attachment":[{"href":"https:\/\/impactodenoticias.com.ar\/index.php?rest_route=%2Fwp%2Fv2%2Fmedia&parent=4303"}],"wp:term":[{"taxonomy":"category","embeddable":true,"href":"https:\/\/impactodenoticias.com.ar\/index.php?rest_route=%2Fwp%2Fv2%2Fcategories&post=4303"},{"taxonomy":"post_tag","embeddable":true,"href":"https:\/\/impactodenoticias.com.ar\/index.php?rest_route=%2Fwp%2Fv2%2Ftags&post=4303"}],"curies":[{"name":"wp","href":"https:\/\/api.w.org\/{rel}","templated":true}]}}