{"id":4312,"date":"2024-09-18T18:13:55","date_gmt":"2024-09-18T21:13:55","guid":{"rendered":"https:\/\/impactodenoticias.com.ar\/?p=4312"},"modified":"2024-09-18T18:13:56","modified_gmt":"2024-09-18T21:13:56","slug":"clausuraron-la-recicladora-parana","status":"publish","type":"post","link":"https:\/\/impactodenoticias.com.ar\/?p=4312","title":{"rendered":"Clausuraron la Recicladora Paran\u00e1"},"content":{"rendered":"\n<p><strong>En un operativo conjunto entre provincia y municipio se procedi\u00f3 a la clausura definitiva del local comercial Recicladora Paran\u00e1, dedicado a la compra y venta de metales. Participaron del operativo, personal de la Polic\u00eda de Entre R\u00edos y Control Urbano municipal.<\/strong><\/p>\n\n\n\n<p>La medida, ordenada por el Juzgado de Faltas N\u00b01 a cargo del Dr. Emilio Amado Siede, se hizo efectiva tras una inspecci\u00f3n rutinaria que revel\u00f3 graves irregularidades en el funcionamiento del establecimiento, las cuales infring\u00edan diversas normativas municipales.<\/p>\n\n\n\n<p><\/p>\n\n\n\n<figure class=\"wp-block-image size-full\"><img loading=\"lazy\" decoding=\"async\" width=\"1000\" height=\"667\" src=\"https:\/\/impactodenoticias.com.ar\/wp-content\/uploads\/2024\/09\/brgtg-1.jpg\" alt=\"\" class=\"wp-image-4313\" srcset=\"https:\/\/impactodenoticias.com.ar\/wp-content\/uploads\/2024\/09\/brgtg-1.jpg 1000w, https:\/\/impactodenoticias.com.ar\/wp-content\/uploads\/2024\/09\/brgtg-1-300x200.jpg 300w, https:\/\/impactodenoticias.com.ar\/wp-content\/uploads\/2024\/09\/brgtg-1-768x512.jpg 768w\" sizes=\"auto, (max-width: 1000px) 100vw, 1000px\" \/><\/figure>\n\n\n\n<p><\/p>\n\n\n\n<p>El procedimiento cont\u00f3 con un importante despliegue policial, destac\u00e1ndose la participaci\u00f3n del personal de la comisar\u00eda s\u00e9ptima de Paran\u00e1. Durante la inspecci\u00f3n, se constataron diversas irregularidades que motivaron la decisi\u00f3n judicial de clausurar el local de manera definitiva.<\/p>\n","protected":false},"excerpt":{"rendered":"<p>En un operativo conjunto entre provincia y municipio se procedi&oacute; a la clausura definitiva del local comercial Recicladora Paran&aacute;, dedicado a la compra y venta de metales. Participaron del operativo, personal de la Polic&iacute;a de Entre R&iacute;os y Control Urbano municipal. La medida, ordenada por el Juzgado de Faltas N&deg;1 a cargo del Dr. Emilio [&hellip;]<\/p>\n","protected":false},"author":2,"featured_media":4314,"comment_status":"open","ping_status":"open","sticky":false,"template":"","format":"standard","meta":{"footnotes":""},"categories":[90,3,1902],"tags":[487,1978,95,1979],"class_list":["post-4312","post","type-post","status-publish","format-standard","has-post-thumbnail","hentry","category-judicial","category-locales","category-municipales","tag-cierre","tag-definitico","tag-parana","tag-recicladora"],"_links":{"self":[{"href":"https:\/\/impactodenoticias.com.ar\/index.php?rest_route=\/wp\/v2\/posts\/4312","targetHints":{"allow":["GET"]}}],"collection":[{"href":"https:\/\/impactodenoticias.com.ar\/index.php?rest_route=\/wp\/v2\/posts"}],"about":[{"href":"https:\/\/impactodenoticias.com.ar\/index.php?rest_route=\/wp\/v2\/types\/post"}],"author":[{"embeddable":true,"href":"https:\/\/impactodenoticias.com.ar\/index.php?rest_route=\/wp\/v2\/users\/2"}],"replies":[{"embeddable":true,"href":"https:\/\/impactodenoticias.com.ar\/index.php?rest_route=%2Fwp%2Fv2%2Fcomments&post=4312"}],"version-history":[{"count":1,"href":"https:\/\/impactodenoticias.com.ar\/index.php?rest_route=\/wp\/v2\/posts\/4312\/revisions"}],"predecessor-version":[{"id":4315,"href":"https:\/\/impactodenoticias.com.ar\/index.php?rest_route=\/wp\/v2\/posts\/4312\/revisions\/4315"}],"wp:featuredmedia":[{"embeddable":true,"href":"https:\/\/impactodenoticias.com.ar\/index.php?rest_route=\/wp\/v2\/media\/4314"}],"wp:attachment":[{"href":"https:\/\/impactodenoticias.com.ar\/index.php?rest_route=%2Fwp%2Fv2%2Fmedia&parent=4312"}],"wp:term":[{"taxonomy":"category","embeddable":true,"href":"https:\/\/impactodenoticias.com.ar\/index.php?rest_route=%2Fwp%2Fv2%2Fcategories&post=4312"},{"taxonomy":"post_tag","embeddable":true,"href":"https:\/\/impactodenoticias.com.ar\/index.php?rest_route=%2Fwp%2Fv2%2Ftags&post=4312"}],"curies":[{"name":"wp","href":"https:\/\/api.w.org\/{rel}","templated":true}]}}