{"id":4337,"date":"2024-09-19T10:33:47","date_gmt":"2024-09-19T13:33:47","guid":{"rendered":"https:\/\/impactodenoticias.com.ar\/?p=4337"},"modified":"2024-09-22T09:48:06","modified_gmt":"2024-09-22T12:48:06","slug":"el-epre-dio-publico-el-subsidio-a-las-tarifas-de-electricidad-para-hogares-y-comercios-de-entre-rios","status":"publish","type":"post","link":"https:\/\/impactodenoticias.com.ar\/?p=4337","title":{"rendered":"El EPRE dio public\u00f3 el subsidio a las tarifas de electricidad para hogares y comercios de Entre R\u00edos"},"content":{"rendered":"\n<p class=\"has-medium-font-size\"><strong>En el Bolet\u00edn Oficial N\u00ba27.937, con fecha del mi\u00e9rcoles 18 de septiembre de 2024, se public\u00f3 la resoluci\u00f3n N\u00ba181\/24 del Ente Provincial Regulador de la Energ\u00eda (EPRE). El decreto establece una serie de medidas relacionadas con los subsidios y tarifas del servicio el\u00e9ctrico en la provincia, durante el periodo entre el 1 de septiembre y el 31 de diciembre de 2024.<\/strong><\/p>\n\n\n\n<p>La resoluci\u00f3n dispuso que el gobierno de Entre R\u00edos decidi\u00f3 subsidiar parte de las facturas de electricidad de los hogares con menos ingresos y de peque\u00f1os comercios, colaborando de este modo, a reducir los costos de electricidad hasta fin de a\u00f1o. Adem\u00e1s, las empresas que distribuyen la electricidad no podr\u00e1n aumentar el precio de la distribuci\u00f3n que estaba vigente en agosto. Las facturas de quienes reciban estos subsidios deber\u00e1n tener una leyenda clara indicando que el precio tiene un descuento. Esta resoluci\u00f3n hab\u00eda sido adelantada por el gobernador, Rogelio Frigerio, semanas atr\u00e1s.<\/p>\n\n\n\n<p>Para los usuarios residenciales se otorga un subsidio del 25% en el costo de distribuci\u00f3n de electricidad para los hogares de menores ingresos que consuman hasta 350 kWh al mes. Este beneficio aplica tanto a usuarios urbanos como rurales y est\u00e1 en l\u00ednea con el programa de subsidios del gobierno nacional.<\/p>\n\n\n\n<p>Adem\u00e1s, para los peque\u00f1os comerciantes se otorga un subsidio del 50% sobre el costo de distribuci\u00f3n a peque\u00f1os comercios (uso general), con un l\u00edmite de 350 kWh al mes en zonas urbanas y 300 kWh en zonas rurales.<\/p>\n\n\n\n<p>Las empresas de distribuci\u00f3n el\u00e9ctrica deben incluir una leyenda en las facturas de los usuarios beneficiados que indique \u00abTarifa Subsidiada por el Estado Provincial\u00bb. Sobre las tarifas de agosto se mantiene temporalmente el valor agregado de distribuci\u00f3n (VAD) que se utilizaba en agosto de 2024, lo que significa que no se aplicar\u00e1n incrementos en ese concepto hasta fin de a\u00f1o.<\/p>\n\n\n\n<p>Vale subrayar que las tarifas establecidas consideran los costos mayoristas de la energ\u00eda, fijados por el gobierno nacional para el periodo septiembre-octubre 2024 pero si los precios mayoristas de energ\u00eda cambian, las empresas distribuidoras podr\u00e1n presentar nuevos cuadros tarifarios para su aprobaci\u00f3n.<\/p>\n","protected":false},"excerpt":{"rendered":"<p>En el Bolet&iacute;n Oficial N&ordm;27.937, con fecha del mi&eacute;rcoles 18 de septiembre de 2024, se public&oacute; la resoluci&oacute;n N&ordm;181\/24 del Ente Provincial Regulador de la Energ&iacute;a (EPRE). El decreto establece una serie de medidas relacionadas con los subsidios y tarifas del servicio el&eacute;ctrico en la provincia, durante el periodo entre el 1 de septiembre y [&hellip;]<\/p>\n","protected":false},"author":2,"featured_media":4338,"comment_status":"open","ping_status":"open","sticky":false,"template":"","format":"standard","meta":{"footnotes":""},"categories":[11,4],"tags":[1092,33,1986,39,1090,1091],"class_list":["post-4337","post","type-post","status-publish","format-standard","has-post-thumbnail","hentry","category-politica","category-provinciales","tag-electricas","tag-entre-rios","tag-epre","tag-rogelio-frigerio","tag-subsidio","tag-tarifas"],"_links":{"self":[{"href":"https:\/\/impactodenoticias.com.ar\/index.php?rest_route=\/wp\/v2\/posts\/4337","targetHints":{"allow":["GET"]}}],"collection":[{"href":"https:\/\/impactodenoticias.com.ar\/index.php?rest_route=\/wp\/v2\/posts"}],"about":[{"href":"https:\/\/impactodenoticias.com.ar\/index.php?rest_route=\/wp\/v2\/types\/post"}],"author":[{"embeddable":true,"href":"https:\/\/impactodenoticias.com.ar\/index.php?rest_route=\/wp\/v2\/users\/2"}],"replies":[{"embeddable":true,"href":"https:\/\/impactodenoticias.com.ar\/index.php?rest_route=%2Fwp%2Fv2%2Fcomments&post=4337"}],"version-history":[{"count":1,"href":"https:\/\/impactodenoticias.com.ar\/index.php?rest_route=\/wp\/v2\/posts\/4337\/revisions"}],"predecessor-version":[{"id":4339,"href":"https:\/\/impactodenoticias.com.ar\/index.php?rest_route=\/wp\/v2\/posts\/4337\/revisions\/4339"}],"wp:featuredmedia":[{"embeddable":true,"href":"https:\/\/impactodenoticias.com.ar\/index.php?rest_route=\/wp\/v2\/media\/4338"}],"wp:attachment":[{"href":"https:\/\/impactodenoticias.com.ar\/index.php?rest_route=%2Fwp%2Fv2%2Fmedia&parent=4337"}],"wp:term":[{"taxonomy":"category","embeddable":true,"href":"https:\/\/impactodenoticias.com.ar\/index.php?rest_route=%2Fwp%2Fv2%2Fcategories&post=4337"},{"taxonomy":"post_tag","embeddable":true,"href":"https:\/\/impactodenoticias.com.ar\/index.php?rest_route=%2Fwp%2Fv2%2Ftags&post=4337"}],"curies":[{"name":"wp","href":"https:\/\/api.w.org\/{rel}","templated":true}]}}