{"id":443,"date":"2024-06-26T09:24:52","date_gmt":"2024-06-26T12:24:52","guid":{"rendered":"https:\/\/impactodenoticias.com.ar\/?p=443"},"modified":"2024-06-26T09:24:53","modified_gmt":"2024-06-26T12:24:53","slug":"clima-en-entre-rios-anuncian-un-fin-de-semana-con-frio-polar-y-temperaturas-bajo-cero","status":"publish","type":"post","link":"https:\/\/impactodenoticias.com.ar\/?p=443","title":{"rendered":"Clima en Entre R\u00edos: anuncian un fin de semana con fr\u00edo polar y temperaturas bajo cero"},"content":{"rendered":"\n<p><strong>El Servicio Meteorol\u00f3gico Nacional (SMN), informa una m\u00e1xima de 15 grados para hoy y de 19 el jueves. Sin embargo anticipa temperaturas bajo cero para el fin de semana en todo el territorio provincial.<\/strong><\/p>\n\n\n\n<p>Despu\u00e9s de un martes con presencia de lluvias y fr\u00edo dispersas en la provincia, el viento nor-noreste traer\u00e1 un breve y leve alivio desde hoy, generando que las temperaturas sean m\u00e1s moderadas. Seg\u00fan la informaci\u00f3n brindada por el (SMN), se espera un d\u00eda soleado con una m\u00e1xima de 15 grados en la provincia.<\/p>\n\n\n\n<p><\/p>\n\n\n\n<figure class=\"wp-block-image size-full\"><img loading=\"lazy\" decoding=\"async\" width=\"678\" height=\"555\" src=\"https:\/\/impactodenoticias.com.ar\/wp-content\/uploads\/2024\/06\/scrnli_26_6_2024_9-04-41.png\" alt=\"\" class=\"wp-image-444\" srcset=\"https:\/\/impactodenoticias.com.ar\/wp-content\/uploads\/2024\/06\/scrnli_26_6_2024_9-04-41.png 678w, https:\/\/impactodenoticias.com.ar\/wp-content\/uploads\/2024\/06\/scrnli_26_6_2024_9-04-41-300x246.png 300w\" sizes=\"auto, (max-width: 678px) 100vw, 678px\" \/><\/figure>\n\n\n\n<p><\/p>\n\n\n\n<p>El jueves ser\u00e1 el d\u00eda m\u00e1s c\u00e1lido de la semana, con temperaturas que podr\u00edan alcanzar los 19 grados en horas de la tarde.<\/p>\n\n\n\n<p>Sin embargo hacia el final de la semana, un sistema de bajas presiones intensificado en aguas del Atl\u00e1ntico, tras su paso por la Patagonia, impulsar\u00e1 aire polar hacia el centro y norte de Argentina. Esto generar\u00e1 un frente fr\u00edo que afectar\u00e1 la zona central del pa\u00eds el viernes, provocando un cambio abrupto de las temperaturas con la llegada de vientos del sur.<\/p>\n\n\n\n<p>El s\u00e1bado amanecer\u00e1 con temperaturas muy bajas en el centro y norte del pa\u00eds, agravadas por vientos moderados del sur. Seg\u00fan el SMN, se aguardan sensaciones t\u00e9rmicas muy fr\u00edas, de entre 1 y 2 grados.<\/p>\n\n\n\n<p>Durante el domingo podr\u00eda haber una disminuci\u00f3n temporal en la intensidad del viento, lo que generar\u00eda otro amanecer fr\u00edo en gran parte de Argentina, con posibilidad de temperaturas bajo cero en Entre R\u00edos.<\/p>\n","protected":false},"excerpt":{"rendered":"<p>El Servicio Meteorol&oacute;gico Nacional (SMN), informa una m&aacute;xima de 15 grados para hoy y de 19 el jueves. Sin embargo anticipa temperaturas bajo cero para el fin de semana en todo el territorio provincial. Despu&eacute;s de un martes con presencia de lluvias y fr&iacute;o dispersas en la provincia, el viento nor-noreste traer&aacute; un breve y [&hellip;]<\/p>\n","protected":false},"author":2,"featured_media":445,"comment_status":"open","ping_status":"open","sticky":false,"template":"","format":"standard","meta":{"footnotes":""},"categories":[4,49],"tags":[38,33],"class_list":["post-443","post","type-post","status-publish","format-standard","has-post-thumbnail","hentry","category-provinciales","category-sociedad","tag-clima","tag-entre-rios"],"_links":{"self":[{"href":"https:\/\/impactodenoticias.com.ar\/index.php?rest_route=\/wp\/v2\/posts\/443","targetHints":{"allow":["GET"]}}],"collection":[{"href":"https:\/\/impactodenoticias.com.ar\/index.php?rest_route=\/wp\/v2\/posts"}],"about":[{"href":"https:\/\/impactodenoticias.com.ar\/index.php?rest_route=\/wp\/v2\/types\/post"}],"author":[{"embeddable":true,"href":"https:\/\/impactodenoticias.com.ar\/index.php?rest_route=\/wp\/v2\/users\/2"}],"replies":[{"embeddable":true,"href":"https:\/\/impactodenoticias.com.ar\/index.php?rest_route=%2Fwp%2Fv2%2Fcomments&post=443"}],"version-history":[{"count":1,"href":"https:\/\/impactodenoticias.com.ar\/index.php?rest_route=\/wp\/v2\/posts\/443\/revisions"}],"predecessor-version":[{"id":446,"href":"https:\/\/impactodenoticias.com.ar\/index.php?rest_route=\/wp\/v2\/posts\/443\/revisions\/446"}],"wp:featuredmedia":[{"embeddable":true,"href":"https:\/\/impactodenoticias.com.ar\/index.php?rest_route=\/wp\/v2\/media\/445"}],"wp:attachment":[{"href":"https:\/\/impactodenoticias.com.ar\/index.php?rest_route=%2Fwp%2Fv2%2Fmedia&parent=443"}],"wp:term":[{"taxonomy":"category","embeddable":true,"href":"https:\/\/impactodenoticias.com.ar\/index.php?rest_route=%2Fwp%2Fv2%2Fcategories&post=443"},{"taxonomy":"post_tag","embeddable":true,"href":"https:\/\/impactodenoticias.com.ar\/index.php?rest_route=%2Fwp%2Fv2%2Ftags&post=443"}],"curies":[{"name":"wp","href":"https:\/\/api.w.org\/{rel}","templated":true}]}}