{"id":4454,"date":"2024-09-21T14:26:18","date_gmt":"2024-09-21T17:26:18","guid":{"rendered":"https:\/\/impactodenoticias.com.ar\/?p=4454"},"modified":"2024-09-23T11:36:47","modified_gmt":"2024-09-23T14:36:47","slug":"dia-del-estudiante-y-de-la-primavera-en-parana-la-grilla-completa-del-festival-arte-joven","status":"publish","type":"post","link":"https:\/\/impactodenoticias.com.ar\/?p=4454","title":{"rendered":"D\u00eda del Estudiante y de la Primavera en Paran\u00e1: la grilla completa del \u00abFestival Arte Joven\u00bb"},"content":{"rendered":"\n<h3 class=\"wp-block-heading\">La Municipalidad de Paran\u00e1 realiza este s\u00e1bado, D\u00eda de la Primavera y D\u00eda del Estudiante, enmarcado en el \u00abFestival Arte Joven\u00bb. El mismo se desarroll\u00e1 desde las 14 en el Anfiteatro \u201cH\u00e9ctor Sant\u00e1ngelo\u201d, ubicado en la conocida zona del Parque Urquiza.<\/h3>\n\n\n\n<p>Seg\u00fan la grilla difundida por la Municipalidad, en la actividad habr\u00e1 m\u00fasica en vivo, juegos, talleres, una radio abierta y un amplio patio gastron\u00f3mico.<\/p>\n\n\n\n<p><\/p>\n\n\n\n<figure class=\"wp-block-image size-full\"><img loading=\"lazy\" decoding=\"async\" width=\"922\" height=\"523\" src=\"https:\/\/impactodenoticias.com.ar\/wp-content\/uploads\/2024\/09\/Arte-Joven.jpg\" alt=\"\" class=\"wp-image-4455\" srcset=\"https:\/\/impactodenoticias.com.ar\/wp-content\/uploads\/2024\/09\/Arte-Joven.jpg 922w, https:\/\/impactodenoticias.com.ar\/wp-content\/uploads\/2024\/09\/Arte-Joven-300x170.jpg 300w, https:\/\/impactodenoticias.com.ar\/wp-content\/uploads\/2024\/09\/Arte-Joven-768x436.jpg 768w\" sizes=\"auto, (max-width: 922px) 100vw, 922px\" \/><\/figure>\n\n\n\n<p><\/p>\n\n\n\n<p>Va\u00f1e recordar que la entrada para el Festival es libre y gratuita.<\/p>\n\n\n\n<p><strong>Grilla<\/strong><\/p>\n\n\n\n<p>15 hs \u2013 Patio Gastron\u00f3mico<\/p>\n\n\n\n<p>15 a 20 hs \u2013 Feria de Emprendedores<\/p>\n\n\n\n<p>16 hs \u2013 Punto Verde: Taller de Huerta<\/p>\n\n\n\n<p>16 hs \u2013 Zona Chill: Charla gesti\u00f3n de emociones por la Facultad de Cs. De la Gesti\u00f3n \u2013 UADER.<\/p>\n\n\n\n<p>17 hs \u2013 Clase Casa yoga x Mar\u00eda Lina Pautaso.<\/p>\n\n\n\n<p>15 a 17 hs \u2013 Punto Deportivo: Pr\u00e1ctica de Hockey sobre patines<\/p>\n\n\n\n<p>15 a 19 hs \u2013 Stand de Juegos<\/p>\n\n\n\n<p>18 hs \u2013 Radio Abierta: Costa Paran\u00e1<\/p>\n\n\n\n<p><strong>Emprendimientos<\/strong><\/p>\n\n\n\n<p>A.N.I.M.A.L.A.; Mulan Store, Liberate en marzo, Lima Blue Art, Merl\u00edn Art, Collage Lunar, Dreams Manualidades, Naya Arte, Emily Tattoo Estudio, Pole RNR, Naim Piercing, D. Nylon, Catarsis Serigraf\u00eda, Chilly Bang, A Guiarme, Agustina Costuras, Pame Marroquiner\u00eda, Saya Joyas, Mudi Stickers, Bax Dise\u00f1o, Pisca.<\/p>\n\n\n\n<p><strong>Espect\u00e1culos<\/strong><\/p>\n\n\n\n<p>Rayos L\u00e1ser, Pont a Bailar, Ballesta y Monte Caseros Crew, Nicolas Negrte, Los Ni\u00f1os Gedes, Tribality Studio, Pilards y la conducci\u00f3n de Gabi Zonis.<\/p>\n\n\n\n<p>El Mes de las Juventudes se concreta con el trabajo conjunto de distintas \u00e1reas del Municipio. Es parte de una pol\u00edtica integral que incluye obras y acciones para el cumplimiento de los derechos de los j\u00f3venes, atendiendo sus problem\u00e1ticas y necesidades.<\/p>\n","protected":false},"excerpt":{"rendered":"<p>La Municipalidad de Paran&aacute; realiza este s&aacute;bado, D&iacute;a de la Primavera y D&iacute;a del Estudiante, enmarcado en el &laquo;Festival Arte Joven&raquo;. El mismo se desarroll&aacute; desde las 14 en el Anfiteatro &ldquo;H&eacute;ctor Sant&aacute;ngelo&rdquo;, ubicado en la conocida zona del Parque Urquiza. Seg&uacute;n la grilla difundida por la Municipalidad, en la actividad habr&aacute; m&uacute;sica en vivo, [&hellip;]<\/p>\n","protected":false},"author":2,"featured_media":4456,"comment_status":"open","ping_status":"open","sticky":false,"template":"","format":"standard","meta":{"footnotes":""},"categories":[3,1902],"tags":[2036,2038,2035,102,95,2037],"class_list":["post-4454","post","type-post","status-publish","format-standard","has-post-thumbnail","hentry","category-locales","category-municipales","tag-arte-j","tag-arte-joven","tag-dia-estudiante","tag-municipalidad","tag-parana","tag-primavera"],"_links":{"self":[{"href":"https:\/\/impactodenoticias.com.ar\/index.php?rest_route=\/wp\/v2\/posts\/4454","targetHints":{"allow":["GET"]}}],"collection":[{"href":"https:\/\/impactodenoticias.com.ar\/index.php?rest_route=\/wp\/v2\/posts"}],"about":[{"href":"https:\/\/impactodenoticias.com.ar\/index.php?rest_route=\/wp\/v2\/types\/post"}],"author":[{"embeddable":true,"href":"https:\/\/impactodenoticias.com.ar\/index.php?rest_route=\/wp\/v2\/users\/2"}],"replies":[{"embeddable":true,"href":"https:\/\/impactodenoticias.com.ar\/index.php?rest_route=%2Fwp%2Fv2%2Fcomments&post=4454"}],"version-history":[{"count":1,"href":"https:\/\/impactodenoticias.com.ar\/index.php?rest_route=\/wp\/v2\/posts\/4454\/revisions"}],"predecessor-version":[{"id":4457,"href":"https:\/\/impactodenoticias.com.ar\/index.php?rest_route=\/wp\/v2\/posts\/4454\/revisions\/4457"}],"wp:featuredmedia":[{"embeddable":true,"href":"https:\/\/impactodenoticias.com.ar\/index.php?rest_route=\/wp\/v2\/media\/4456"}],"wp:attachment":[{"href":"https:\/\/impactodenoticias.com.ar\/index.php?rest_route=%2Fwp%2Fv2%2Fmedia&parent=4454"}],"wp:term":[{"taxonomy":"category","embeddable":true,"href":"https:\/\/impactodenoticias.com.ar\/index.php?rest_route=%2Fwp%2Fv2%2Fcategories&post=4454"},{"taxonomy":"post_tag","embeddable":true,"href":"https:\/\/impactodenoticias.com.ar\/index.php?rest_route=%2Fwp%2Fv2%2Ftags&post=4454"}],"curies":[{"name":"wp","href":"https:\/\/api.w.org\/{rel}","templated":true}]}}